{"id":116,"date":"2016-02-19T10:49:13","date_gmt":"2016-02-19T10:49:13","guid":{"rendered":"http:\/\/memoriaaine2015.ingenierosnavales.com\/?p=116"},"modified":"2016-02-19T10:49:13","modified_gmt":"2016-02-19T10:49:13","slug":"jornadas-tecnicas","status":"publish","type":"post","link":"https:\/\/memoriaaine2015.ingenierosnavales.com\/?p=116","title":{"rendered":"Jornadas"},"content":{"rendered":"<h2 style=\"text-align: justify;\">54\u00baCongreso<\/h2>\n<p style=\"text-align: justify;\">El 54\u00ba Congreso celebrado en Ferrol, fue un rotundo \u00e9xito de participaci\u00f3n, del que m\u00e1s adelante se tratar\u00e1 en un ep\u00edgrafe propio. Adem\u00e1s, se llevaron a cabo m\u00e1s de 40 eventos entre los de nivel nacional y de las Delegaciones Territoriales. <a href=\"http:\/\/memoriaaine2015.ingenierosnavales.com\/?p=93\">M\u00e1s informaci\u00f3n<\/a>.<\/p>\n<h2 style=\"text-align: justify;\">6\u00aa Jornadas T\u00e9cnicas: El Mar y las Energ\u00edas Renovables. La aportaci\u00f3n de la Ingenier\u00eda Naval y Oce\u00e1nica<\/h2>\n<p style=\"text-align: justify;\">Los d\u00edas 25 y 26 de junio la Asociaci\u00f3n y el Colegio de Ingenieros Navales y Oce\u00e1nicos de Espa\u00f1a, a trav\u00e9s de su grupo de trabajo PAT18 de Energ\u00edas Renovables de Origen Marino (ENERMAR), organiz\u00f3 en Vigo la <a href=\"http:\/\/www.ingenierosnavales.com\/content\/celebraci%C3%B3n-de-las-6%C2%AA-jornadas-t%C3%A9cnicas-enermar\" target=\"_blank\">6\u00aa edici\u00f3n de las Jornadas<\/a>.<\/p>\n<h2 style=\"text-align: justify;\">Jornadas de la AINE sobre Eficiencia Energ\u00e9tica en Sinaval<\/h2>\n<p style=\"text-align: justify;\">Dentro del marco de la feria Sinaval Eurofishing\u00a0Elite, Expo, Conferences &amp; Networking, Feria Internacional de la Industria Naval, Mar\u00edtima y Portuaria, que se celebr\u00f3 entre el 21 y el 23 de abril; la <a href=\"http:\/\/www.ingenierosnavales.com\/content\/jornadas-de-la-aine-sobre-eficiencia-energ%C3%A9tica-en-sinaval\" target=\"_blank\">AINE organiz\u00f3 una Jornada<\/a> en la que tuvieron lugar dos ponencias.<\/p>\n<h2 style=\"text-align: justify;\">Jornada sobre industria n\u00e1utica y competici\u00f3n de vela<\/h2>\n<p><iframe loading=\"lazy\" src=\"https:\/\/www.youtube.com\/embed\/jAPh28G9-_w\" width=\"560\" height=\"315\" frameborder=\"0\" allowfullscreen=\"allowfullscreen\"><\/iframe><\/p>\n<p style=\"text-align: justify;\"><a href=\"http:\/\/www.sectormaritimo.com\/lista\/detalle.asp?apt=58&amp;id_contenido=1315\" target=\"_blank\">A finales de abril<\/a>, organizada por el Comit\u00e9 de Asuntos Mar\u00edtimos y Marinos del Instituto de la Ingenier\u00eda de Espa\u00f1a (IIE) en colaboraci\u00f3n con la AINE y la Asociaci\u00f3n Nacional de Industrias N\u00e1uticas.<\/p>\n<h2 style=\"text-align: justify;\"><\/h2>\n<h2 style=\"text-align: justify;\">Jornada de Fomento del Emprendimiento<\/h2>\n<p style=\"text-align: justify;\">El d\u00eda 13 de octubre, se celebr\u00f3 la 3\u00aa Jornada del Fomento del Emprendimiento organizada por el COIN y la Universidad de la Coru\u00f1a en Sal\u00f3n de Actos del Campus de Esteiro.<\/p>\n<p style=\"text-align: justify;\">Asimismo, se present\u00f3 el Servicio de Apoyo al Emprendedor creado por el COIN para impulsar la generaci\u00f3n de proyectos de innovaci\u00f3n tecnol\u00f3gica y empresarial mar\u00edtimos.<\/p>\n<h2 style=\"text-align: justify;\">Actividades de la DT en el Pa\u00eds Vasco<\/h2>\n<h3 style=\"text-align: justify;\">La Fundaci\u00f3n Albaola<\/h3>\n<p style=\"text-align: justify;\"><a href=\"http:\/\/www.ingenierosnavales.com\/content\/acuerdo-entre-aine-y-la-fundaci%C3%B3n-albaola\" target=\"_blank\">La AINE y la Fundaci\u00f3n Albaola<\/a> celebraron el 13 diciembre, el acto simb\u00f3lico del convenio de colaboraci\u00f3n firmado. El COIN registr\u00f3 hace unos meses el permiso de construcci\u00f3n de la nao <em>San Juan<\/em>, y la Asociaci\u00f3n ejecutar\u00e1 adem\u00e1s todos los tr\u00e1mites vinculados al Libro de Estabilidad del ballenero, con lo que se convierte, gracias a esta colaboraci\u00f3n, en miembro de la Red San Juan.<\/p>\n<h2 style=\"text-align: justify;\">Actividades de la DT en Andaluc\u00eda<\/h2>\n<h3 style=\"text-align: justify;\">Jornada sobre reparaci\u00f3n naval y energ\u00edas renovables marinas en la bah\u00eda de C\u00e1diz; bunkering y actividades del CIAIM<\/h3>\n<p style=\"text-align: justify;\">Organizada con el fin de dar una visi\u00f3n de varios temas de inter\u00e9s general.<\/p>\n<h3 style=\"text-align: justify;\"><\/h3>\n<h3 style=\"text-align: justify;\">Jornada sobre la historia de la construcci\u00f3n naval y entrega de premio a la excelencia<\/h3>\n<p style=\"text-align: justify;\">El 23 de octubre tuvo lugar la Jornada sobre la historia de la construcci\u00f3n naval en la Bah\u00eda de C\u00e1diz y entrega del premio a la excelencia en el sector mar\u00edtimo espa\u00f1ol, organizado por la Delegaci\u00f3n Territorial de Andaluc\u00eda del COIN y la AINE.<\/p>\n<h2 style=\"text-align: justify;\">Actividades de la DT en Valencia<\/h2>\n<h3 style=\"text-align: justify;\">Jornada sobre el convenio de gesti\u00f3n de aguas de lastre<\/h3>\n<p style=\"text-align: justify;\">Patrocinado por el COIN y Boluda Corporaci\u00f3n Mar\u00edtima, organizado por la delegaci\u00f3n territorial del Colegio Oficial de Ingenieros Navales, la Fundaci\u00f3n Valencia Port y al Autoridad Portuaria de Valencia, se celebr\u00f3 el de diciembre, una <a href=\"http:\/\/www.sectormaritimo.com\/lista\/detalle.asp?apt=58&amp;id_contenido=1593\" target=\"_blank\">jornada-debate<\/a> sobre el estado actual, de este Convenio Internacional.<\/p>\n<h2 style=\"text-align: justify;\">Actividades de la DT en Baleares<\/h2>\n<h3 style=\"text-align: justify;\">Jornada sobre gesti\u00f3n de siniestros en puertos deportivos y marinas<\/h3>\n<p style=\"text-align: justify;\">Organizado conjuntamente por la delegaci\u00f3n territorial Illes Balears del Colegio Oficial de Ingenieros Navales y Oce\u00e1nicos, y por la Autoritat Portu\u00e0ria de Balears, se celebr\u00f3 el\u00a0pasado jueves 3 de diciembre en el sal\u00f3n de actos de la Autoritat Portu\u00e0ria de Balears.<\/p>\n<h2 style=\"text-align: justify;\">Actividades de la DT en Barcelona<\/h2>\n<h3 style=\"text-align: justify;\">\u00abEl reto del a\u00f1o 2020, nuevos combustibles sin emisiones nocivas para embarcaciones menores, de menos de 1000 kw\u00bb<\/h3>\n<p>Nuestro compa\u00f1ero Francisco Lage imparti\u00f3 la conferencia:\u00a0<strong>Conversi\u00f3n de la propulsi\u00f3n de la flota portuaria a gas.\u00a0<\/strong>Fue de las conferencias m\u00e1s amena con datos, esquemas,\u00a0 sencilla y muy asequible a los profanos.<\/p>\n<p>Tambi\u00e9n particip\u00f3 el compa\u00f1ero Luis Guerrero \u2013 Director de la Divisi\u00f3n Naval del Buereau Veritas Espa\u00f1a y Portugal:\u00a0<strong>Gas Natural, combustible marino<\/strong><\/p>\n<h3><img loading=\"lazy\" decoding=\"async\" class=\"alignnone size-medium wp-image-369\" src=\"https:\/\/memoriaaine2015a.ingenierosnavales.com\/wp-content\/uploads\/2016\/02\/cataluna-1-300x118.png\" alt=\"cataluna 1\" width=\"300\" height=\"118\" srcset=\"https:\/\/memoriaaine2015.ingenierosnavales.com\/wp-content\/uploads\/2016\/02\/cataluna-1-300x118.png 300w, https:\/\/memoriaaine2015.ingenierosnavales.com\/wp-content\/uploads\/2016\/02\/cataluna-1.png 480w\" sizes=\"auto, (max-width: 300px) 100vw, 300px\" \/><\/h3>\n<h3>Jornada sobre Mediaci\u00f3n en el sector Mar\u00edtimo y N\u00e1utico<\/h3>\n<p>Se celebr\u00f3 la jornada sobre Mediaci\u00f3n en el Sector Mar\u00edtimo y N\u00e1utico.\u00a0Fue un \u00e9xito tanto por los ponentes de gran talla, como por la asistencia, m\u00e1s de 35 personas.<\/p>\n<p>Tuvimos a tres grandes comunicadores y expertos en mediaci\u00f3n que nos dieron una muy buena visi\u00f3n de la mediaci\u00f3n desde tres perspectivas distintas. La pr\u00e1ctica, de Manel Canyameres, una instituci\u00f3n como mediador y un gran divulgador; la de una juez, Raquel Alastruey, que fue fascinante el escuchar como abogaba en favor de la mediaci\u00f3n si lo que se quiere es llegar a \u201cuna soluci\u00f3n justa\u201d, comparando lo que ofrece la justicia y lo que ofrece la mediaci\u00f3n; y por \u00faltimo la visi\u00f3n de una instituci\u00f3n de mediaci\u00f3n como el Consolat de Mar que vela por la calidad del proceso y la neutralidad del mediador, a cargo de Xavier Coronas, secretario de la Cambra de Comer\u00e7 de BCN y del Consolat de Mar.<\/p>\n<h3><img loading=\"lazy\" decoding=\"async\" class=\"alignnone size-medium wp-image-370\" src=\"https:\/\/memoriaaine2015a.ingenierosnavales.com\/wp-content\/uploads\/2016\/02\/cataluna-2-300x224.png\" alt=\"cataluna 2\" width=\"300\" height=\"224\" srcset=\"https:\/\/memoriaaine2015.ingenierosnavales.com\/wp-content\/uploads\/2016\/02\/cataluna-2-300x224.png 300w, https:\/\/memoriaaine2015.ingenierosnavales.com\/wp-content\/uploads\/2016\/02\/cataluna-2.png 396w\" sizes=\"auto, (max-width: 300px) 100vw, 300px\" \/><\/h3>\n<h3>4\u00aa Jornada Igenium 2015<\/h3>\n<p>Asistimos y co-organizamos, a la jornada Igenium 15. Nuestros compa\u00f1eros B\u00e1rbara S\u00e1nchez y Julio Garc\u00eda Espinosa fueron los representantes de nuestra Asociaci\u00f3n.<\/p>\n<p>B\u00e1rbara S\u00e1nchez Panadero \u2013 present\u00f3: Plataforma offshore polivalente para el aprovechamiento de los recursos de los oc\u00e9anos.<\/p>\n<p><iframe loading=\"lazy\" src=\"https:\/\/www.youtube.com\/embed\/VqSksU6U5qU\" width=\"560\" height=\"315\" frameborder=\"0\" allowfullscreen=\"allowfullscreen\"><\/iframe><\/p>\n<p>&nbsp;<\/p>\n<p>Dr. Julio Garc\u00eda Espinosa \u2013 present\u00f3: Dise\u00f1o y verificaci\u00f3n de diferentes conceptos de aerogeneradores marinos y dispositivos para la extracci\u00f3n de energ\u00eda undimotriz.<\/p>\n<p>http:\/\/www.igenium.cat\/diseno-y-verificacion-de-diferentes-conceptos-de-aerogeneradores-marinos-y-dispositivos-para-la-extraccion-de-energia-undimotriz\/<\/p>\n<h3><img loading=\"lazy\" decoding=\"async\" class=\"alignnone size-medium wp-image-371\" src=\"https:\/\/memoriaaine2015a.ingenierosnavales.com\/wp-content\/uploads\/2016\/02\/cataluna-3-300x194.png\" alt=\"cataluna 3\" width=\"300\" height=\"194\" srcset=\"https:\/\/memoriaaine2015.ingenierosnavales.com\/wp-content\/uploads\/2016\/02\/cataluna-3-300x194.png 300w, https:\/\/memoriaaine2015.ingenierosnavales.com\/wp-content\/uploads\/2016\/02\/cataluna-3.png 660w\" sizes=\"auto, (max-width: 300px) 100vw, 300px\" \/><\/h3>\n<h3>Sal\u00f3n n\u00e1utico Internacional de Barcelona 2015 \u2013 Jornada Dise\u00f1o de Yates, motoras y veleros<\/h3>\n<p>Se celebr\u00f3 una jornada de dos horas de duraci\u00f3n con las principales empresas de dise\u00f1o e ingenier\u00eda de yates de Barcelona. Se invit\u00f3 a una empresa de Canarias Abora Yachts.<\/p>\n<p><img loading=\"lazy\" decoding=\"async\" class=\"alignnone size-medium wp-image-372\" src=\"https:\/\/memoriaaine2015a.ingenierosnavales.com\/wp-content\/uploads\/2016\/02\/cataluna-4-300x144.png\" alt=\"cataluna 4\" width=\"300\" height=\"144\" srcset=\"https:\/\/memoriaaine2015.ingenierosnavales.com\/wp-content\/uploads\/2016\/02\/cataluna-4-300x144.png 300w, https:\/\/memoriaaine2015.ingenierosnavales.com\/wp-content\/uploads\/2016\/02\/cataluna-4-768x368.png 768w, https:\/\/memoriaaine2015.ingenierosnavales.com\/wp-content\/uploads\/2016\/02\/cataluna-4-1024x490.png 1024w, https:\/\/memoriaaine2015.ingenierosnavales.com\/wp-content\/uploads\/2016\/02\/cataluna-4-1110x536.png 1110w, https:\/\/memoriaaine2015.ingenierosnavales.com\/wp-content\/uploads\/2016\/02\/cataluna-4.png 1119w\" sizes=\"auto, (max-width: 300px) 100vw, 300px\" \/><\/p>\n<p>Posteriormente las empresas BYD, ISONAVAL, MP Yacht, De Antonio Yachts, SYM, Orienta SI, presentaron sus proyectos m\u00e1s destacados.<\/p>\n<p><iframe loading=\"lazy\" src=\"https:\/\/www.youtube.com\/embed\/MQDb1c-zG_Y\" width=\"560\" height=\"315\" frameborder=\"0\" allowfullscreen=\"allowfullscreen\"><\/iframe><\/p>\n","protected":false},"excerpt":{"rendered":"<p>54\u00baCongreso El 54\u00ba Congreso celebrado en Ferrol, fue un rotundo \u00e9xito de participaci\u00f3n, del que m\u00e1s adelante se tratar\u00e1 en un ep\u00edgrafe propio. Adem\u00e1s, se llevaron a cabo m\u00e1s de 40 eventos entre los de nivel nacional y de las Delegaciones Territoriales. M\u00e1s informaci\u00f3n. 6\u00aa Jornadas T\u00e9cnicas: El Mar y las Energ\u00edas Renovables. La aportaci\u00f3n [&hellip;]<\/p>\n","protected":false},"author":1,"featured_media":125,"comment_status":"open","ping_status":"open","sticky":false,"template":"","format":"standard","meta":{"footnotes":""},"categories":[3],"tags":[],"class_list":{"0":"post-116","1":"post","2":"type-post","3":"status-publish","4":"format-standard","5":"has-post-thumbnail","7":"category-sin-categoria","8":"czr-hentry"},"_links":{"self":[{"href":"https:\/\/memoriaaine2015.ingenierosnavales.com\/index.php?rest_route=\/wp\/v2\/posts\/116","targetHints":{"allow":["GET"]}}],"collection":[{"href":"https:\/\/memoriaaine2015.ingenierosnavales.com\/index.php?rest_route=\/wp\/v2\/posts"}],"about":[{"href":"https:\/\/memoriaaine2015.ingenierosnavales.com\/index.php?rest_route=\/wp\/v2\/types\/post"}],"author":[{"embeddable":true,"href":"https:\/\/memoriaaine2015.ingenierosnavales.com\/index.php?rest_route=\/wp\/v2\/users\/1"}],"replies":[{"embeddable":true,"href":"https:\/\/memoriaaine2015.ingenierosnavales.com\/index.php?rest_route=%2Fwp%2Fv2%2Fcomments&post=116"}],"version-history":[{"count":0,"href":"https:\/\/memoriaaine2015.ingenierosnavales.com\/index.php?rest_route=\/wp\/v2\/posts\/116\/revisions"}],"wp:featuredmedia":[{"embeddable":true,"href":"https:\/\/memoriaaine2015.ingenierosnavales.com\/index.php?rest_route=\/wp\/v2\/media\/125"}],"wp:attachment":[{"href":"https:\/\/memoriaaine2015.ingenierosnavales.com\/index.php?rest_route=%2Fwp%2Fv2%2Fmedia&parent=116"}],"wp:term":[{"taxonomy":"category","embeddable":true,"href":"https:\/\/memoriaaine2015.ingenierosnavales.com\/index.php?rest_route=%2Fwp%2Fv2%2Fcategories&post=116"},{"taxonomy":"post_tag","embeddable":true,"href":"https:\/\/memoriaaine2015.ingenierosnavales.com\/index.php?rest_route=%2Fwp%2Fv2%2Ftags&post=116"}],"curies":[{"name":"wp","href":"https:\/\/api.w.org\/{rel}","templated":true}]}}