{"id":131,"date":"2016-02-19T11:33:14","date_gmt":"2016-02-19T11:33:14","guid":{"rendered":"http:\/\/memoriaaine2015.ingenierosnavales.com\/?p=131"},"modified":"2016-02-19T11:33:14","modified_gmt":"2016-02-19T11:33:14","slug":"movimiento-de-poblacion-en-2015","status":"publish","type":"post","link":"https:\/\/memoriaaine2015.ingenierosnavales.com\/?p=131","title":{"rendered":"Movimiento de poblaci\u00f3n en 2015"},"content":{"rendered":"<p><strong>Poblaci\u00f3n total al 31 de diciembre de 2015:<\/strong><\/p>\n<table>\n<tbody>\n<tr>\n<td width=\"294\">1.829<\/td>\n<td width=\"294\">Asociados de N\u00famero<\/td>\n<\/tr>\n<tr>\n<td width=\"294\">65<\/td>\n<td width=\"294\">Asociados Estudiantes<\/td>\n<\/tr>\n<tr>\n<td width=\"294\">23<\/td>\n<td width=\"294\">Socios Adheridos<\/td>\n<\/tr>\n<\/tbody>\n<\/table>\n<table>\n<tbody>\n<tr>\n<td width=\"294\"><strong>Altas Asociados de N\u00famero<\/strong><\/td>\n<td width=\"294\">32<\/td>\n<\/tr>\n<tr>\n<td width=\"294\">\u00a0 \u00a0 \u00a0 \u00a0 \u00a0 De los cuales, por cambio de categor\u00eda<\/td>\n<td width=\"294\">10<\/td>\n<\/tr>\n<tr>\n<td width=\"294\">\u00a0 \u00a0 \u00a0 \u00a0 \u00a0 Reingresos<\/td>\n<td width=\"294\">4<\/td>\n<\/tr>\n<\/tbody>\n<\/table>\n<table>\n<tbody>\n<tr>\n<td width=\"294\"><strong>Altas Asociados Estudiantes<\/strong><\/td>\n<td width=\"294\">13<\/td>\n<\/tr>\n<\/tbody>\n<\/table>\n<table>\n<tbody>\n<tr>\n<td width=\"294\"><strong>Altas Socios corporativos<\/strong><\/td>\n<td width=\"294\">1<\/td>\n<\/tr>\n<tr>\n<td width=\"294\"><strong>Altas Socios adheridos personas f\u00edsicas<\/strong><\/td>\n<td width=\"294\">9<\/td>\n<\/tr>\n<\/tbody>\n<\/table>\n<table style=\"height: 79px;\" width=\"737\">\n<tbody>\n<tr>\n<td width=\"294\">Bajas Asociados de N\u00famero<\/td>\n<td width=\"294\">53<\/td>\n<\/tr>\n<tr>\n<td width=\"294\">\u00a0 \u00a0 \u00a0 \u00a0 \u00a0Fallecidos<\/td>\n<td width=\"294\">13<\/td>\n<\/tr>\n<tr>\n<td width=\"294\">Bajas Asociados Estudiantes<\/td>\n<td width=\"294\">12<\/td>\n<\/tr>\n<\/tbody>\n<\/table>\n<p>&nbsp;<\/p>\n<p><iframe loading=\"lazy\" width=\"600\" height=\"371\" seamless frameborder=\"0\" scrolling=\"no\" src=\"https:\/\/docs.google.com\/spreadsheets\/d\/196zAg8T4tunGLNAtpT6WZHonYDEpt40jzoC3hOOpFJ0\/pubchart?oid=55634875&amp;format=interactive\"><\/iframe><br \/>\n<iframe loading=\"lazy\" width=\"600\" height=\"371\" seamless frameborder=\"0\" scrolling=\"no\" src=\"https:\/\/docs.google.com\/spreadsheets\/d\/196zAg8T4tunGLNAtpT6WZHonYDEpt40jzoC3hOOpFJ0\/pubchart?oid=1143419785&amp;format=interactive\"><\/iframe><\/p>\n<p style=\"text-align: justify;\"><strong>Fallecidos<\/strong><\/p>\n<p style=\"text-align: justify;\">Lamentamos los fallecimientos producidos a lo largo de 2015, de los siguientes compa\u00f1eros: Antonio Villanueva N\u00fa\u00f1ez, Fernando del Molino Rodr\u00edguez, Luis Asenjo Ajamil, Francisco Luis Ruiz Mill\u00e1n, Alejandro Ley \u00c1lvarez, Pedro Su\u00e1rez S\u00e1nchez, Juan Ignacio Mu\u00f1iz Entrialgo, Jos\u00e9 Luis L\u00f3pez Polo, Antonio S\u00e1nchez L\u00f3pez, Leonardo Ruiz-Carrillo Cabez\u00f3n, Jos\u00e9 Ram\u00f3n Bustillo Navia-Osorio, Luis Mari\u00f1o Redondo y Julio S\u00e1ez Elegido.<\/p>\n<p style=\"text-align: justify;\">Permanecer\u00e1n en nuestra memoria. Agradecemos todo cuanto hicieron por la profesi\u00f3n. Descansen en paz.<\/p>\n","protected":false},"excerpt":{"rendered":"<p>Poblaci\u00f3n total al 31 de diciembre de 2015: 1.829 Asociados de N\u00famero 65 Asociados Estudiantes 23 Socios Adheridos Altas Asociados de N\u00famero 32 \u00a0 \u00a0 \u00a0 \u00a0 \u00a0 De los cuales, por cambio de categor\u00eda 10 \u00a0 \u00a0 \u00a0 \u00a0 \u00a0 Reingresos 4 Altas Asociados Estudiantes 13 Altas Socios corporativos 1 Altas Socios adheridos personas [&hellip;]<\/p>\n","protected":false},"author":1,"featured_media":148,"comment_status":"open","ping_status":"open","sticky":false,"template":"","format":"standard","meta":{"footnotes":""},"categories":[3],"tags":[],"class_list":{"0":"post-131","1":"post","2":"type-post","3":"status-publish","4":"format-standard","5":"has-post-thumbnail","7":"category-sin-categoria","8":"czr-hentry"},"_links":{"self":[{"href":"https:\/\/memoriaaine2015.ingenierosnavales.com\/index.php?rest_route=\/wp\/v2\/posts\/131","targetHints":{"allow":["GET"]}}],"collection":[{"href":"https:\/\/memoriaaine2015.ingenierosnavales.com\/index.php?rest_route=\/wp\/v2\/posts"}],"about":[{"href":"https:\/\/memoriaaine2015.ingenierosnavales.com\/index.php?rest_route=\/wp\/v2\/types\/post"}],"author":[{"embeddable":true,"href":"https:\/\/memoriaaine2015.ingenierosnavales.com\/index.php?rest_route=\/wp\/v2\/users\/1"}],"replies":[{"embeddable":true,"href":"https:\/\/memoriaaine2015.ingenierosnavales.com\/index.php?rest_route=%2Fwp%2Fv2%2Fcomments&post=131"}],"version-history":[{"count":0,"href":"https:\/\/memoriaaine2015.ingenierosnavales.com\/index.php?rest_route=\/wp\/v2\/posts\/131\/revisions"}],"wp:featuredmedia":[{"embeddable":true,"href":"https:\/\/memoriaaine2015.ingenierosnavales.com\/index.php?rest_route=\/wp\/v2\/media\/148"}],"wp:attachment":[{"href":"https:\/\/memoriaaine2015.ingenierosnavales.com\/index.php?rest_route=%2Fwp%2Fv2%2Fmedia&parent=131"}],"wp:term":[{"taxonomy":"category","embeddable":true,"href":"https:\/\/memoriaaine2015.ingenierosnavales.com\/index.php?rest_route=%2Fwp%2Fv2%2Fcategories&post=131"},{"taxonomy":"post_tag","embeddable":true,"href":"https:\/\/memoriaaine2015.ingenierosnavales.com\/index.php?rest_route=%2Fwp%2Fv2%2Ftags&post=131"}],"curies":[{"name":"wp","href":"https:\/\/api.w.org\/{rel}","templated":true}]}}