{"id":151,"date":"2016-02-19T11:37:59","date_gmt":"2016-02-19T11:37:59","guid":{"rendered":"http:\/\/memoriaaine2015.ingenierosnavales.com\/?p=151"},"modified":"2016-02-19T11:37:59","modified_gmt":"2016-02-19T11:37:59","slug":"comite-de-energia-y-recursos-naturales","status":"publish","type":"post","link":"https:\/\/memoriaaine2015.ingenierosnavales.com\/?p=151","title":{"rendered":"Comit\u00e9 de Energ\u00eda y Recursos naturales"},"content":{"rendered":"<p>En el mes de marzo del pasado a\u00f1o, se aprob\u00f3 la participaci\u00f3n de Beatriz Spuch en el\u00a0 Comit\u00e9 de Energ\u00eda y Recursos Naturales.<\/p>\n<p>La primera reuni\u00f3n tras esa fecha fue el 20 de abril de 2015, en la que se propuso para el pr\u00f3ximo curso 2015-16 la creaci\u00f3n de las siguientes \u00c1reas tecnol\u00f3gicas:<\/p>\n<ul>\n<li>\u00c1rea 1. Agua<\/li>\n<li>\u00c1rea 2. Nuclear<\/li>\n<li>\u00c1rea 3. Renovables<\/li>\n<li>\u00c1rea 4. Nuevas Tecnolog\u00edas Energ\u00e9ticas<\/li>\n<li>\u00c1rea 5. Hidrocarburos no-convencionales.<\/li>\n<\/ul>\n<p style=\"text-align: justify;\">El 27 de mayo, se celebra otra reuni\u00f3n del Comit\u00e9 en la que solicita a los miembros aportar ideas o actividades, en relaci\u00f3n a\u00a0 la Agenda para el fortalecimiento del sector industrial en Espa\u00f1a, del que se entrega a finales del a\u00f1o un informe, sobre el Documento Fomento de Actividad de I+D+i empresarial mejora sostenibilidad energ\u00e9tica, y de la tecnolog\u00eda, e Implantaci\u00f3n de la gesti\u00f3n energ\u00e9tica.<\/p>\n<p>El 15 de octubre se celebra en la sede del IIES la presentaci\u00f3n del libro <em>\u201cEnerg\u00eda Nuclear. La Gesti\u00f3n del Combustible Usado\u201d. <\/em>Tambi\u00e9n se presenta el Informe de actividades del curso 2014-15.<\/p>\n<p>El 28 de octubre de 2015, la presidenta del Comit\u00e9, Yolanda Moratilla, es aceptada como Miembro de la Real Academia de Doctores de Espa\u00f1a.<\/p>\n","protected":false},"excerpt":{"rendered":"<p>En el mes de marzo del pasado a\u00f1o, se aprob\u00f3 la participaci\u00f3n de Beatriz Spuch en el\u00a0 Comit\u00e9 de Energ\u00eda y Recursos Naturales. La primera reuni\u00f3n tras esa fecha fue el 20 de abril de 2015, en la que se propuso para el pr\u00f3ximo curso 2015-16 la creaci\u00f3n de las siguientes \u00c1reas tecnol\u00f3gicas: \u00c1rea 1. [&hellip;]<\/p>\n","protected":false},"author":1,"featured_media":445,"comment_status":"open","ping_status":"open","sticky":false,"template":"","format":"standard","meta":{"footnotes":""},"categories":[2],"tags":[],"class_list":{"0":"post-151","1":"post","2":"type-post","3":"status-publish","4":"format-standard","5":"has-post-thumbnail","7":"category-comites-iie","8":"czr-hentry"},"_links":{"self":[{"href":"https:\/\/memoriaaine2015.ingenierosnavales.com\/index.php?rest_route=\/wp\/v2\/posts\/151","targetHints":{"allow":["GET"]}}],"collection":[{"href":"https:\/\/memoriaaine2015.ingenierosnavales.com\/index.php?rest_route=\/wp\/v2\/posts"}],"about":[{"href":"https:\/\/memoriaaine2015.ingenierosnavales.com\/index.php?rest_route=\/wp\/v2\/types\/post"}],"author":[{"embeddable":true,"href":"https:\/\/memoriaaine2015.ingenierosnavales.com\/index.php?rest_route=\/wp\/v2\/users\/1"}],"replies":[{"embeddable":true,"href":"https:\/\/memoriaaine2015.ingenierosnavales.com\/index.php?rest_route=%2Fwp%2Fv2%2Fcomments&post=151"}],"version-history":[{"count":0,"href":"https:\/\/memoriaaine2015.ingenierosnavales.com\/index.php?rest_route=\/wp\/v2\/posts\/151\/revisions"}],"wp:featuredmedia":[{"embeddable":true,"href":"https:\/\/memoriaaine2015.ingenierosnavales.com\/index.php?rest_route=\/wp\/v2\/media\/445"}],"wp:attachment":[{"href":"https:\/\/memoriaaine2015.ingenierosnavales.com\/index.php?rest_route=%2Fwp%2Fv2%2Fmedia&parent=151"}],"wp:term":[{"taxonomy":"category","embeddable":true,"href":"https:\/\/memoriaaine2015.ingenierosnavales.com\/index.php?rest_route=%2Fwp%2Fv2%2Fcategories&post=151"},{"taxonomy":"post_tag","embeddable":true,"href":"https:\/\/memoriaaine2015.ingenierosnavales.com\/index.php?rest_route=%2Fwp%2Fv2%2Ftags&post=151"}],"curies":[{"name":"wp","href":"https:\/\/api.w.org\/{rel}","templated":true}]}}