{"id":159,"date":"2016-02-19T11:49:39","date_gmt":"2016-02-19T11:49:39","guid":{"rendered":"http:\/\/memoriaaine2015.ingenierosnavales.com\/?p=159"},"modified":"2016-02-19T11:49:39","modified_gmt":"2016-02-19T11:49:39","slug":"comite-de-inventiva-y-creatividad","status":"publish","type":"post","link":"https:\/\/memoriaaine2015.ingenierosnavales.com\/?p=159","title":{"rendered":"Comit\u00e9 de Inventiva y Creatividad"},"content":{"rendered":"<p style=\"text-align: justify;\">En el mes de marzo del pasado a\u00f1o, se aprob\u00f3 la participaci\u00f3n de Beatriz Spuch en el\u00a0 Comit\u00e9 de Inventiva y Creatividad.<\/p>\n<p>La primera reuni\u00f3n tras esa fecha fue el 10 de diciembre de 2015, en la que\u00a0 Javier de la Plaza hace su presentaci\u00f3n como nuevo Presidente del Comit\u00e9 y se nombra Secretario a Vicente Ib\u00e1\u00f1ez.<\/p>\n<p style=\"text-align: justify;\">Se proponen dos grandes \u00c1reas de Acci\u00f3n del Comit\u00e9:<\/p>\n<ul style=\"text-align: justify;\">\n<li>Tem\u00e1ticas: Nuevas Ideas, Patentes y Nuevos Productos,&#8230;<\/li>\n<li>Actividades: Jornadas, Conferencias y Relaci\u00f3n con las Instituciones (Universidad, Empresa y Centros de Investigaci\u00f3n).<\/li>\n<\/ul>\n<p style=\"text-align: justify;\">Se propone dar una gran relevancia al desarrollo de Patentes, haciendo un an\u00e1lisis de su Estado actual en las distintas Ingenier\u00edas y de su traducci\u00f3n en Productos comerciales. Relacionado con ello tambi\u00e9n, hacer un estudio de la Rentabilidad de la Inversi\u00f3n espa\u00f1ola en Investigaci\u00f3n.<\/p>\n<p>Otra l\u00ednea que se propone desarrollar es la de \u00abCiencia de Sistemas\u00bb, que es fundamental para conseguir una Visi\u00f3n Global de los Nuevos Sistemas, y que est\u00e1 poco tratada en la Universidad.<\/p>\n<p>Se propone el contacto con las siguientes instituciones y personalidades del sector:<\/p>\n<ul style=\"text-align: justify;\">\n<li>La Fundaci\u00f3n Garc\u00eda Cabrerizo, padre e hijo<\/li>\n<li>El Ateneo, a trav\u00e9s de su Vicepresidente Pedro L\u00f3pez Arribas y su hermano del Comit\u00e9 de Ciencia y Tecnolog\u00eda<\/li>\n<li>La Asociaci\u00f3n de Cient\u00edficos Espa\u00f1oles, a trav\u00e9s de Enrique Ru\u00edz Ayuca y Jos\u00e9 M\u00aa Rinc\u00f3n<\/li>\n<li>La Universidad de Alcal\u00e1, Jos\u00e9 Luis Bardasano<\/li>\n<li>El Inventor Jos\u00e9 M\u00aa Dur\u00e1n<\/li>\n<\/ul>\n<p style=\"text-align: justify;\">Se propone la elaboraci\u00f3n de una conferencia sobre \u00abMatem\u00e1tica Recreativa y Aplicaciones a la Vida\u00bb.<\/p>\n<p style=\"text-align: justify;\">A lo largo del a\u00f1o 2015 se han organizado las siguientes conferencias:<\/p>\n<p>\u201cAvances cient\u00edficos en bioelectromagnetismo m\u00e9dico y en medio ambiente\u201d, tuvo lugar el mi\u00e9rcoles 15 de abril a las 19:00 horas en el Ateneo de Madrid.<\/p>\n<p style=\"text-align: justify;\">\u201cMeditaciones F\u00edsicas y Metaf\u00edsicas y su proyecci\u00f3n c\u00f3smica III\u201d, el 27 de febrero de 2015 18:30 horas en el Sal\u00f3n de Actos del I.I.E.<\/p>\n","protected":false},"excerpt":{"rendered":"<p>En el mes de marzo del pasado a\u00f1o, se aprob\u00f3 la participaci\u00f3n de Beatriz Spuch en el\u00a0 Comit\u00e9 de Inventiva y Creatividad. La primera reuni\u00f3n tras esa fecha fue el 10 de diciembre de 2015, en la que\u00a0 Javier de la Plaza hace su presentaci\u00f3n como nuevo Presidente del Comit\u00e9 y se nombra Secretario a [&hellip;]<\/p>\n","protected":false},"author":1,"featured_media":444,"comment_status":"open","ping_status":"open","sticky":false,"template":"","format":"standard","meta":{"footnotes":""},"categories":[2],"tags":[],"class_list":{"0":"post-159","1":"post","2":"type-post","3":"status-publish","4":"format-standard","5":"has-post-thumbnail","7":"category-comites-iie","8":"czr-hentry"},"_links":{"self":[{"href":"https:\/\/memoriaaine2015.ingenierosnavales.com\/index.php?rest_route=\/wp\/v2\/posts\/159","targetHints":{"allow":["GET"]}}],"collection":[{"href":"https:\/\/memoriaaine2015.ingenierosnavales.com\/index.php?rest_route=\/wp\/v2\/posts"}],"about":[{"href":"https:\/\/memoriaaine2015.ingenierosnavales.com\/index.php?rest_route=\/wp\/v2\/types\/post"}],"author":[{"embeddable":true,"href":"https:\/\/memoriaaine2015.ingenierosnavales.com\/index.php?rest_route=\/wp\/v2\/users\/1"}],"replies":[{"embeddable":true,"href":"https:\/\/memoriaaine2015.ingenierosnavales.com\/index.php?rest_route=%2Fwp%2Fv2%2Fcomments&post=159"}],"version-history":[{"count":0,"href":"https:\/\/memoriaaine2015.ingenierosnavales.com\/index.php?rest_route=\/wp\/v2\/posts\/159\/revisions"}],"wp:featuredmedia":[{"embeddable":true,"href":"https:\/\/memoriaaine2015.ingenierosnavales.com\/index.php?rest_route=\/wp\/v2\/media\/444"}],"wp:attachment":[{"href":"https:\/\/memoriaaine2015.ingenierosnavales.com\/index.php?rest_route=%2Fwp%2Fv2%2Fmedia&parent=159"}],"wp:term":[{"taxonomy":"category","embeddable":true,"href":"https:\/\/memoriaaine2015.ingenierosnavales.com\/index.php?rest_route=%2Fwp%2Fv2%2Fcategories&post=159"},{"taxonomy":"post_tag","embeddable":true,"href":"https:\/\/memoriaaine2015.ingenierosnavales.com\/index.php?rest_route=%2Fwp%2Fv2%2Ftags&post=159"}],"curies":[{"name":"wp","href":"https:\/\/api.w.org\/{rel}","templated":true}]}}