{"id":169,"date":"2016-02-19T12:00:57","date_gmt":"2016-02-19T12:00:57","guid":{"rendered":"http:\/\/memoriaaine2015.ingenierosnavales.com\/?p=169"},"modified":"2016-02-19T12:00:57","modified_gmt":"2016-02-19T12:00:57","slug":"vi-premio-de-poesia","status":"publish","type":"post","link":"https:\/\/memoriaaine2015.ingenierosnavales.com\/?p=169","title":{"rendered":"VII Premio de poes\u00eda"},"content":{"rendered":"<p><img loading=\"lazy\" decoding=\"async\" class=\"size-medium wp-image-204 alignright\" src=\"https:\/\/memoriaaine2015a.ingenierosnavales.com\/wp-content\/uploads\/2016\/02\/Virgen_Carmen_2015_Poesia-300x214.jpg\" alt=\"Virgen_Carmen_2015_Poesia\" width=\"300\" height=\"214\" srcset=\"https:\/\/memoriaaine2015.ingenierosnavales.com\/wp-content\/uploads\/2016\/02\/Virgen_Carmen_2015_Poesia-300x214.jpg 300w, https:\/\/memoriaaine2015.ingenierosnavales.com\/wp-content\/uploads\/2016\/02\/Virgen_Carmen_2015_Poesia-768x548.jpg 768w, https:\/\/memoriaaine2015.ingenierosnavales.com\/wp-content\/uploads\/2016\/02\/Virgen_Carmen_2015_Poesia.jpg 800w\" sizes=\"auto, (max-width: 300px) 100vw, 300px\" \/>El jurado del \u201cVII Premio AINE de Poes\u00eda\u201d, instituido para premiar, entre los asociados\u00a0de AINE, poemas in\u00e9ditos en lengua espa\u00f1ola sobre temas relacionados con la mar;\u00a0estuvo formado por: D. Manuel Maestro L\u00f3pez (Presidente), D. Jos\u00e9 Mar\u00eda S\u00e1nchez Carri\u00f3n,\u00a0D\u00aa. Silvia Oriola Tamayo, D. Ram\u00f3n Casanovas \u00c1lvarez, D. Aurelio Labajo Pell\u00f3n y D. Pedro Pe\u00f1as Vargas (como secretario). El jurado acord\u00f3 otorgar:<\/p>\n<p>Acc\u00e9sit y diploma para \u201c<a href=\"http:\/\/www.ingenierosnavales.com\/sites\/default\/files\/noticias\/SINGLADURAS%20INFINITAS.pdf\" target=\"_blank\">Singladuras Infinitas<\/a>\u201d de <strong>D.<\/strong> <strong>Benito Gonz\u00e1lez Aller<\/strong>, que lamentablemente no pudo asistir a recoger el premio.<\/p>\n<p>Primer Premio ex-quo de 500 \u20ac y diploma para \u201c<a href=\"http:\/\/www.ingenierosnavales.com\/sites\/default\/files\/noticias\/MAR.MAR_.MAR_.pdf\" target=\"_blank\">Mar, mar, mar\u2026<\/a>\u201d de <strong>D. Francisco Archanco Fern\u00e1ndez<\/strong> y \u201c<a href=\"http:\/\/www.ingenierosnavales.com\/sites\/default\/files\/noticias\/VIVO.pdf\" target=\"_blank\">Vivo<\/a>\u201d de<strong> D. Mario Fominaya Mart\u00edn<\/strong>.<\/p>\n<p>&nbsp;<\/p>\n","protected":false},"excerpt":{"rendered":"<p>El jurado del \u201cVII Premio AINE de Poes\u00eda\u201d, instituido para premiar, entre los asociados\u00a0de AINE, poemas in\u00e9ditos en lengua espa\u00f1ola sobre temas relacionados con la mar;\u00a0estuvo formado por: D. Manuel Maestro L\u00f3pez (Presidente), D. Jos\u00e9 Mar\u00eda S\u00e1nchez Carri\u00f3n,\u00a0D\u00aa. Silvia Oriola Tamayo, D. Ram\u00f3n Casanovas \u00c1lvarez, D. Aurelio Labajo Pell\u00f3n y D. Pedro Pe\u00f1as Vargas (como [&hellip;]<\/p>\n","protected":false},"author":1,"featured_media":205,"comment_status":"open","ping_status":"open","sticky":false,"template":"","format":"standard","meta":{"footnotes":""},"categories":[4],"tags":[],"class_list":{"0":"post-169","1":"post","2":"type-post","3":"status-publish","4":"format-standard","5":"has-post-thumbnail","7":"category-virgen-del-carmen","8":"czr-hentry"},"_links":{"self":[{"href":"https:\/\/memoriaaine2015.ingenierosnavales.com\/index.php?rest_route=\/wp\/v2\/posts\/169","targetHints":{"allow":["GET"]}}],"collection":[{"href":"https:\/\/memoriaaine2015.ingenierosnavales.com\/index.php?rest_route=\/wp\/v2\/posts"}],"about":[{"href":"https:\/\/memoriaaine2015.ingenierosnavales.com\/index.php?rest_route=\/wp\/v2\/types\/post"}],"author":[{"embeddable":true,"href":"https:\/\/memoriaaine2015.ingenierosnavales.com\/index.php?rest_route=\/wp\/v2\/users\/1"}],"replies":[{"embeddable":true,"href":"https:\/\/memoriaaine2015.ingenierosnavales.com\/index.php?rest_route=%2Fwp%2Fv2%2Fcomments&post=169"}],"version-history":[{"count":0,"href":"https:\/\/memoriaaine2015.ingenierosnavales.com\/index.php?rest_route=\/wp\/v2\/posts\/169\/revisions"}],"wp:featuredmedia":[{"embeddable":true,"href":"https:\/\/memoriaaine2015.ingenierosnavales.com\/index.php?rest_route=\/wp\/v2\/media\/205"}],"wp:attachment":[{"href":"https:\/\/memoriaaine2015.ingenierosnavales.com\/index.php?rest_route=%2Fwp%2Fv2%2Fmedia&parent=169"}],"wp:term":[{"taxonomy":"category","embeddable":true,"href":"https:\/\/memoriaaine2015.ingenierosnavales.com\/index.php?rest_route=%2Fwp%2Fv2%2Fcategories&post=169"},{"taxonomy":"post_tag","embeddable":true,"href":"https:\/\/memoriaaine2015.ingenierosnavales.com\/index.php?rest_route=%2Fwp%2Fv2%2Ftags&post=169"}],"curies":[{"name":"wp","href":"https:\/\/api.w.org\/{rel}","templated":true}]}}