{"id":171,"date":"2016-02-19T12:03:50","date_gmt":"2016-02-19T12:03:50","guid":{"rendered":"http:\/\/memoriaaine2015.ingenierosnavales.com\/?p=171"},"modified":"2016-02-19T12:03:50","modified_gmt":"2016-02-19T12:03:50","slug":"premio-fin-de-carrera-enermar","status":"publish","type":"post","link":"https:\/\/memoriaaine2015.ingenierosnavales.com\/?p=171","title":{"rendered":"Premio Fin de Carrera \u201cEnermar\u201d"},"content":{"rendered":"<p style=\"text-align: justify;\"><img loading=\"lazy\" decoding=\"async\" class=\"size-medium wp-image-203 alignleft\" src=\"https:\/\/memoriaaine2015a.ingenierosnavales.com\/wp-content\/uploads\/2016\/02\/Virgen_Carmen_2015_Enermar-214x300.jpg\" alt=\"Virgen_Carmen_2015_Enermar\" width=\"214\" height=\"300\" srcset=\"https:\/\/memoriaaine2015.ingenierosnavales.com\/wp-content\/uploads\/2016\/02\/Virgen_Carmen_2015_Enermar-214x300.jpg 214w, https:\/\/memoriaaine2015.ingenierosnavales.com\/wp-content\/uploads\/2016\/02\/Virgen_Carmen_2015_Enermar.jpg 571w\" sizes=\"auto, (max-width: 214px) 100vw, 214px\" \/>El Jurado calificador de los premios, estuvo compuesto como sigue: D\u00aa. Mar\u00eda Luisa Casta\u00f1o Mar\u00edn, Directora General de Innovaci\u00f3n y Competitividad. Ministerio de Econom\u00eda y Competitividad; D. Luis Vilches Collado, Decano Presidente de COIN y AINE; D. Javier Herrador del R\u00edo, Director de Ofertas y Presupuestos de Navantia; D. \u00c1lvaro Mart\u00ednez Palacio, Director de Operaci\u00f3n del proyecto Wikinger de Iberdrola; D. Pedro M. Mayorga Rubio, Miembro de la Junta directiva Secci\u00f3n Marina (APPA Marina) y Director t\u00e9cnico de Enerocean S.L; D. Luis Guerrero, Miembro del Comit\u00e9 Ejecutivo y Coordinador\/Director del GT de EEM. Director de la Divisi\u00f3n Naval de BV; D. Jos\u00e9 Manuel Fern\u00e1ndez Hernando, Responsable del subcomit\u00e9 Universidad Empresa del PAT-18 de la AINE.<\/p>\n<p style=\"text-align: justify;\">Los premiados son los siguientes:<\/p>\n<ul style=\"text-align: justify;\">\n<li>2\u00ba Premio: 300\u20ac y diploma a \u201cDAEC de 1\u00aa Generaci\u00f3n integrado en parque de 50MW\u201d. Autor: <strong> Gustavo Dacio S\u00e1nchez Fern\u00e1ndez<\/strong>.<\/li>\n<\/ul>\n<ul style=\"text-align: justify;\">\n<li>1\u00ba Premio: 1.000\u20ac y diploma a \u201cPlataforma Offshore Polivalente para el aprovechamiento de los recursos de los oc\u00e9anos\u201d. Autora: <strong>D\u00aa. B\u00e1rbara S\u00e1nchez Panadero<\/strong>.<\/li>\n<\/ul>\n<h3 style=\"text-align: justify;\"><\/h3>\n<p>&nbsp;<\/p>\n","protected":false},"excerpt":{"rendered":"<p>El Jurado calificador de los premios, estuvo compuesto como sigue: D\u00aa. Mar\u00eda Luisa Casta\u00f1o Mar\u00edn, Directora General de Innovaci\u00f3n y Competitividad. Ministerio de Econom\u00eda y Competitividad; D. Luis Vilches Collado, Decano Presidente de COIN y AINE; D. Javier Herrador del R\u00edo, Director de Ofertas y Presupuestos de Navantia; D. \u00c1lvaro Mart\u00ednez Palacio, Director de Operaci\u00f3n [&hellip;]<\/p>\n","protected":false},"author":1,"featured_media":208,"comment_status":"open","ping_status":"open","sticky":false,"template":"","format":"standard","meta":{"footnotes":""},"categories":[4],"tags":[],"class_list":{"0":"post-171","1":"post","2":"type-post","3":"status-publish","4":"format-standard","5":"has-post-thumbnail","7":"category-virgen-del-carmen","8":"czr-hentry"},"_links":{"self":[{"href":"https:\/\/memoriaaine2015.ingenierosnavales.com\/index.php?rest_route=\/wp\/v2\/posts\/171","targetHints":{"allow":["GET"]}}],"collection":[{"href":"https:\/\/memoriaaine2015.ingenierosnavales.com\/index.php?rest_route=\/wp\/v2\/posts"}],"about":[{"href":"https:\/\/memoriaaine2015.ingenierosnavales.com\/index.php?rest_route=\/wp\/v2\/types\/post"}],"author":[{"embeddable":true,"href":"https:\/\/memoriaaine2015.ingenierosnavales.com\/index.php?rest_route=\/wp\/v2\/users\/1"}],"replies":[{"embeddable":true,"href":"https:\/\/memoriaaine2015.ingenierosnavales.com\/index.php?rest_route=%2Fwp%2Fv2%2Fcomments&post=171"}],"version-history":[{"count":0,"href":"https:\/\/memoriaaine2015.ingenierosnavales.com\/index.php?rest_route=\/wp\/v2\/posts\/171\/revisions"}],"wp:featuredmedia":[{"embeddable":true,"href":"https:\/\/memoriaaine2015.ingenierosnavales.com\/index.php?rest_route=\/wp\/v2\/media\/208"}],"wp:attachment":[{"href":"https:\/\/memoriaaine2015.ingenierosnavales.com\/index.php?rest_route=%2Fwp%2Fv2%2Fmedia&parent=171"}],"wp:term":[{"taxonomy":"category","embeddable":true,"href":"https:\/\/memoriaaine2015.ingenierosnavales.com\/index.php?rest_route=%2Fwp%2Fv2%2Fcategories&post=171"},{"taxonomy":"post_tag","embeddable":true,"href":"https:\/\/memoriaaine2015.ingenierosnavales.com\/index.php?rest_route=%2Fwp%2Fv2%2Ftags&post=171"}],"curies":[{"name":"wp","href":"https:\/\/api.w.org\/{rel}","templated":true}]}}