{"id":174,"date":"2016-02-19T12:06:49","date_gmt":"2016-02-19T12:06:49","guid":{"rendered":"http:\/\/memoriaaine2015.ingenierosnavales.com\/?p=174"},"modified":"2016-02-19T12:06:49","modified_gmt":"2016-02-19T12:06:49","slug":"comite-de-gestion-empresarial","status":"publish","type":"post","link":"https:\/\/memoriaaine2015.ingenierosnavales.com\/?p=174","title":{"rendered":"Comit\u00e9 de Gesti\u00f3n Empresarial"},"content":{"rendered":"<p style=\"text-align: justify;\">Las actividades desarrolladas por el Comit\u00e9 de Gesti\u00f3n Empresarial durante el a\u00f1o 2015 ha sido las siguientes:<\/p>\n<ul>\n<li>Planificaci\u00f3n Financiera, expuesta por OPTIMA<\/li>\n<li><span style=\"font-weight: inherit;\">Sostenibilidad Empresarial, expuesta por OHL INDUSTRIAL<\/span><\/li>\n<li><span style=\"font-weight: inherit;\">Contribuci\u00f3n metro de Madrid a la sostenibilidad expuesta por Metro de Madrid<\/span><\/li>\n<li><span style=\"font-weight: inherit;\">Retos de la Econom\u00eda Circular, expuesta por ACCENTURE STRATEGY<\/span><\/li>\n<li><span style=\"font-weight: inherit;\">Direcci\u00f3n de Proyecto, expuesta por OHL<\/span><\/li>\n<li><span style=\"font-weight: inherit;\">Empresa Crisis Energ\u00e9tica, expuesta por C\u00e1tedra Universidad Empresa y Sindicato, Escuela de Montes<\/span><\/li>\n<li><span style=\"font-weight: inherit;\">Planificaci\u00f3n y Ejecuci\u00f3n Presupuestaria, expuesta por OHL Industrial.<\/span><\/li>\n<\/ul>\n<p>Las jornadas se han desarrollado tanto en el IIE como Escuela de Ingenieros de Montes, en base a un acuerdo de colaboraci\u00f3n entre el Instituto de Ingenier\u00eda y la C\u00e1tedra de \u00bb Universidad &#8211; Empresa &#8211; Sindicato\u00bb Valor Empresarial y Sostenibilidad de la Escuela de Montes. La participaci\u00f3n de los estudiantes de Montes en las jornadas, ha sido una experiencia muy importante tanto para transmitirles el conocimiento t\u00e9cnico especifico como para darles a conocer las actividades llevadas a cabo por el IIE.<\/p>\n<p>Las jornadas pueden verse <a href=\"http:\/\/www.iies.es\/Comite-de-Gestion-Empresarial_a168.html\">aqu\u00ed<\/a>.<\/p>\n<p style=\"text-align: justify;\"><img loading=\"lazy\" decoding=\"async\" class=\"size-medium wp-image-186 aligncenter\" src=\"https:\/\/memoriaaine2015a.ingenierosnavales.com\/wp-content\/uploads\/2016\/02\/Sostenibilidad_empresarial-300x169.jpg\" alt=\"Sostenibilidad_empresarial\" width=\"300\" height=\"169\" srcset=\"https:\/\/memoriaaine2015.ingenierosnavales.com\/wp-content\/uploads\/2016\/02\/Sostenibilidad_empresarial-300x169.jpg 300w, https:\/\/memoriaaine2015.ingenierosnavales.com\/wp-content\/uploads\/2016\/02\/Sostenibilidad_empresarial-768x432.jpg 768w, https:\/\/memoriaaine2015.ingenierosnavales.com\/wp-content\/uploads\/2016\/02\/Sostenibilidad_empresarial.jpg 1024w, https:\/\/memoriaaine2015.ingenierosnavales.com\/wp-content\/uploads\/2016\/02\/Sostenibilidad_empresarial-528x297.jpg 528w\" sizes=\"auto, (max-width: 300px) 100vw, 300px\" \/><\/p>\n","protected":false},"excerpt":{"rendered":"<p>Las actividades desarrolladas por el Comit\u00e9 de Gesti\u00f3n Empresarial durante el a\u00f1o 2015 ha sido las siguientes: Planificaci\u00f3n Financiera, expuesta por OPTIMA Sostenibilidad Empresarial, expuesta por OHL INDUSTRIAL Contribuci\u00f3n metro de Madrid a la sostenibilidad expuesta por Metro de Madrid Retos de la Econom\u00eda Circular, expuesta por ACCENTURE STRATEGY Direcci\u00f3n de Proyecto, expuesta por OHL [&hellip;]<\/p>\n","protected":false},"author":1,"featured_media":186,"comment_status":"open","ping_status":"open","sticky":false,"template":"","format":"standard","meta":{"footnotes":""},"categories":[2],"tags":[],"class_list":{"0":"post-174","1":"post","2":"type-post","3":"status-publish","4":"format-standard","5":"has-post-thumbnail","7":"category-comites-iie","8":"czr-hentry"},"_links":{"self":[{"href":"https:\/\/memoriaaine2015.ingenierosnavales.com\/index.php?rest_route=\/wp\/v2\/posts\/174","targetHints":{"allow":["GET"]}}],"collection":[{"href":"https:\/\/memoriaaine2015.ingenierosnavales.com\/index.php?rest_route=\/wp\/v2\/posts"}],"about":[{"href":"https:\/\/memoriaaine2015.ingenierosnavales.com\/index.php?rest_route=\/wp\/v2\/types\/post"}],"author":[{"embeddable":true,"href":"https:\/\/memoriaaine2015.ingenierosnavales.com\/index.php?rest_route=\/wp\/v2\/users\/1"}],"replies":[{"embeddable":true,"href":"https:\/\/memoriaaine2015.ingenierosnavales.com\/index.php?rest_route=%2Fwp%2Fv2%2Fcomments&post=174"}],"version-history":[{"count":0,"href":"https:\/\/memoriaaine2015.ingenierosnavales.com\/index.php?rest_route=\/wp\/v2\/posts\/174\/revisions"}],"wp:featuredmedia":[{"embeddable":true,"href":"https:\/\/memoriaaine2015.ingenierosnavales.com\/index.php?rest_route=\/wp\/v2\/media\/186"}],"wp:attachment":[{"href":"https:\/\/memoriaaine2015.ingenierosnavales.com\/index.php?rest_route=%2Fwp%2Fv2%2Fmedia&parent=174"}],"wp:term":[{"taxonomy":"category","embeddable":true,"href":"https:\/\/memoriaaine2015.ingenierosnavales.com\/index.php?rest_route=%2Fwp%2Fv2%2Fcategories&post=174"},{"taxonomy":"post_tag","embeddable":true,"href":"https:\/\/memoriaaine2015.ingenierosnavales.com\/index.php?rest_route=%2Fwp%2Fv2%2Ftags&post=174"}],"curies":[{"name":"wp","href":"https:\/\/api.w.org\/{rel}","templated":true}]}}