{"id":23,"date":"2016-02-19T08:34:43","date_gmt":"2016-02-19T08:34:43","guid":{"rendered":"http:\/\/memoriaaine2015.ingenierosnavales.com\/?p=23"},"modified":"2016-02-19T08:34:43","modified_gmt":"2016-02-19T08:34:43","slug":"comite-de-tecnologias-de-defensa-del-iie-2015","status":"publish","type":"post","link":"https:\/\/memoriaaine2015.ingenierosnavales.com\/?p=23","title":{"rendered":"Comit\u00e9 de Tecnolog\u00edas de Defensa"},"content":{"rendered":"<p style=\"text-align: justify;\"><img loading=\"lazy\" decoding=\"async\" class=\"size-medium wp-image-72 alignright\" src=\"https:\/\/memoriaaine2015a.ingenierosnavales.com\/wp-content\/uploads\/2016\/02\/misil_controles-1-189x300.jpg\" alt=\"misil_controles\" width=\"189\" height=\"300\" srcset=\"https:\/\/memoriaaine2015.ingenierosnavales.com\/wp-content\/uploads\/2016\/02\/misil_controles-1-189x300.jpg 189w, https:\/\/memoriaaine2015.ingenierosnavales.com\/wp-content\/uploads\/2016\/02\/misil_controles-1.jpg 377w\" sizes=\"auto, (max-width: 189px) 100vw, 189px\" \/>Durante el a\u00f1o 2015 el Comit\u00e9 de Tecnolog\u00edas de Defensa del IIE ha organizado una serie de jornadas divulgativas que, como viene siendo habitual, pueden clasificarse en dos grandes grupos: las de tipo esencialmente t\u00e9cnico y las de tipo hist\u00f3rico-conmemorativo.<\/p>\n<p style=\"text-align: justify;\">Entre las realizadas cabe destacar las siguientes:<\/p>\n<ul style=\"text-align: justify;\">\n<li style=\"text-align: justify;\">12\/03\/2015: Los Escosura: Dos personajes hist\u00f3ricos, dignos de reconocimiento.<\/li>\n<li style=\"text-align: justify;\">01\/06\/2015: Los or\u00edgenes del CNI.<\/li>\n<li style=\"text-align: justify;\">04\/11\/2015: An\u00e1lisis del guiado y doble mando aerodin\u00e1mico en misiles para el combate a\u00e9reo moderno.<\/li>\n<li style=\"text-align: justify;\">20\/11\/2015: Nanociencia y Nanotecnolog\u00eda: Estado del arte y aplicaciones en el sector de la Defensa y la Seguridad.<\/li>\n<li style=\"text-align: justify;\">26\/11\/2015: En torno del 75 aniversario de la Escuela Polit\u00e9cnica Superior del Ej\u00e9rcito (ESPOL) y de la creaci\u00f3n del Cuerpo T\u00e9cnico del Ejercito: Homenaje a la ESPOL.<\/li>\n<\/ul>\n<p style=\"text-align: justify;\">No pudo materializarse finalmente otra jornada sobre pol\u00edticas de defensa con ponentes de los principales partidos pol\u00edticos que hubiera sido de inter\u00e9s al hilo del contexto electoral de este final de a\u00f1o.<\/p>\n<p style=\"text-align: justify;\">Adem\u00e1s se encuentran en fase de preparaci\u00f3n otras con tem\u00e1ticas tan interesantes como la aplicaci\u00f3n de \u201cdrones\u201d en defensa o el empleo de tecnolog\u00edas de doble uso que seguramente podr\u00e1n organizarse este 2016.<\/p>\n<p><img loading=\"lazy\" decoding=\"async\" class=\" wp-image-71 aligncenter\" src=\"https:\/\/memoriaaine2015a.ingenierosnavales.com\/wp-content\/uploads\/2016\/02\/dominios_de_tiro-1-300x132.jpg\" alt=\"dominios_de_tiro\" width=\"352\" height=\"155\" srcset=\"https:\/\/memoriaaine2015.ingenierosnavales.com\/wp-content\/uploads\/2016\/02\/dominios_de_tiro-1-300x132.jpg 300w, https:\/\/memoriaaine2015.ingenierosnavales.com\/wp-content\/uploads\/2016\/02\/dominios_de_tiro-1-768x338.jpg 768w, https:\/\/memoriaaine2015.ingenierosnavales.com\/wp-content\/uploads\/2016\/02\/dominios_de_tiro-1-1024x450.jpg 1024w, https:\/\/memoriaaine2015.ingenierosnavales.com\/wp-content\/uploads\/2016\/02\/dominios_de_tiro-1.jpg 1064w\" sizes=\"auto, (max-width: 352px) 100vw, 352px\" \/><\/p>\n<p><img loading=\"lazy\" decoding=\"async\" class=\" wp-image-73 aligncenter\" src=\"https:\/\/memoriaaine2015a.ingenierosnavales.com\/wp-content\/uploads\/2016\/02\/misil_sidewinder_aim_9l-300x149.jpg\" alt=\"misil_sidewinder_aim_9l\" width=\"338\" height=\"168\" srcset=\"https:\/\/memoriaaine2015.ingenierosnavales.com\/wp-content\/uploads\/2016\/02\/misil_sidewinder_aim_9l-300x149.jpg 300w, https:\/\/memoriaaine2015.ingenierosnavales.com\/wp-content\/uploads\/2016\/02\/misil_sidewinder_aim_9l-768x383.jpg 768w, https:\/\/memoriaaine2015.ingenierosnavales.com\/wp-content\/uploads\/2016\/02\/misil_sidewinder_aim_9l.jpg 811w\" sizes=\"auto, (max-width: 338px) 100vw, 338px\" \/><\/p>\n","protected":false},"excerpt":{"rendered":"<p>Durante el a\u00f1o 2015 el Comit\u00e9 de Tecnolog\u00edas de Defensa del IIE ha organizado una serie de jornadas divulgativas que, como viene siendo habitual, pueden clasificarse en dos grandes grupos: las de tipo esencialmente t\u00e9cnico y las de tipo hist\u00f3rico-conmemorativo. Entre las realizadas cabe destacar las siguientes: 12\/03\/2015: Los Escosura: Dos personajes hist\u00f3ricos, dignos de [&hellip;]<\/p>\n","protected":false},"author":1,"featured_media":0,"comment_status":"open","ping_status":"open","sticky":false,"template":"","format":"standard","meta":{"footnotes":""},"categories":[2],"tags":[],"class_list":{"0":"post-23","1":"post","2":"type-post","3":"status-publish","4":"format-standard","6":"category-comites-iie","7":"czr-hentry"},"_links":{"self":[{"href":"https:\/\/memoriaaine2015.ingenierosnavales.com\/index.php?rest_route=\/wp\/v2\/posts\/23","targetHints":{"allow":["GET"]}}],"collection":[{"href":"https:\/\/memoriaaine2015.ingenierosnavales.com\/index.php?rest_route=\/wp\/v2\/posts"}],"about":[{"href":"https:\/\/memoriaaine2015.ingenierosnavales.com\/index.php?rest_route=\/wp\/v2\/types\/post"}],"author":[{"embeddable":true,"href":"https:\/\/memoriaaine2015.ingenierosnavales.com\/index.php?rest_route=\/wp\/v2\/users\/1"}],"replies":[{"embeddable":true,"href":"https:\/\/memoriaaine2015.ingenierosnavales.com\/index.php?rest_route=%2Fwp%2Fv2%2Fcomments&post=23"}],"version-history":[{"count":0,"href":"https:\/\/memoriaaine2015.ingenierosnavales.com\/index.php?rest_route=\/wp\/v2\/posts\/23\/revisions"}],"wp:attachment":[{"href":"https:\/\/memoriaaine2015.ingenierosnavales.com\/index.php?rest_route=%2Fwp%2Fv2%2Fmedia&parent=23"}],"wp:term":[{"taxonomy":"category","embeddable":true,"href":"https:\/\/memoriaaine2015.ingenierosnavales.com\/index.php?rest_route=%2Fwp%2Fv2%2Fcategories&post=23"},{"taxonomy":"post_tag","embeddable":true,"href":"https:\/\/memoriaaine2015.ingenierosnavales.com\/index.php?rest_route=%2Fwp%2Fv2%2Ftags&post=23"}],"curies":[{"name":"wp","href":"https:\/\/api.w.org\/{rel}","templated":true}]}}