{"id":270,"date":"2016-02-26T11:22:04","date_gmt":"2016-02-26T11:22:04","guid":{"rendered":"http:\/\/memoriaaine2015.ingenierosnavales.com\/?p=270"},"modified":"2016-02-26T11:22:04","modified_gmt":"2016-02-26T11:22:04","slug":"actividad-de-las-comisiones-asesoras","status":"publish","type":"post","link":"https:\/\/memoriaaine2015.ingenierosnavales.com\/?p=270","title":{"rendered":"Actividad de las comisiones asesoras"},"content":{"rendered":"<ul>\n<li><a href=\"http:\/\/memoriaaine2015.ingenierosnavales.com\/?p=291\">Alto Consejo Consultivo<\/a><\/li>\n<li><a href=\"http:\/\/memoriaaine2015.ingenierosnavales.com\/?p=293\">Comisi\u00f3n de Asuntos Econ\u00f3micos y Fiscales<\/a><\/li>\n<li><a href=\"http:\/\/memoriaaine2015.ingenierosnavales.com\/?p=295\">Comisi\u00f3n de Asuntos T\u00e9cnico-Profesionales<\/a><\/li>\n<li><a href=\"http:\/\/memoriaaine2015.ingenierosnavales.com\/?p=296\">Comit\u00e9 de Gesti\u00f3n del Fondo Editorial (FEIN)<\/a><\/li>\n<li><a href=\"http:\/\/memoriaaine2015.ingenierosnavales.com\/?p=280\">Comisi\u00f3n de la revista \u00abIngenier\u00eda Naval\u201d<\/a><\/li>\n<\/ul>\n<p><strong>Composici\u00f3n de Comisiones (al 31-12-15)<\/strong><\/p>\n<p><strong>Comisi\u00f3n de la Revista Ingenier\u00eda Naval<\/strong><\/p>\n<p>Presidente: \u00a0 \u00a0 \u00a0 \u00a0 \u00a0 \u00a0 \u00a0 \u00a0 \u00a0 \u00a0 \u00a0 \u00a0 \u00a0 \u00a0 \u00a0 \u00a0 \u00a0 \u00a0 \u00a0 \u00a0 \u00a0D. \u00a0Luis Vilches Collado<\/p>\n<p>Vocales:\u00a0\u00a0\u00a0\u00a0\u00a0\u00a0\u00a0\u00a0\u00a0\u00a0\u00a0\u00a0\u00a0\u00a0\u00a0\u00a0\u00a0\u00a0\u00a0\u00a0\u00a0\u00a0\u00a0\u00a0\u00a0\u00a0\u00a0\u00a0\u00a0\u00a0\u00a0\u00a0\u00a0\u00a0\u00a0\u00a0\u00a0\u00a0\u00a0\u00a0\u00a0\u00a0\u00a0\u00a0\u00a0\u00a0 D. \u00a0Ern\u00f6 Peter Cosma<\/p>\n<p>D. Jose Mar\u00eda R\u00edola Rodr\u00edguez<\/p>\n<p>D. Jos\u00e9 Esteban P\u00e9rez Garc\u00eda<\/p>\n<p>Directora de la Revista: \u00a0 \u00a0 \u00a0 \u00a0 \u00a0 \u00a0 \u00a0 \u00a0 \u00a0 D. \u00a0Bel\u00e9n Garc\u00eda de Pablos<\/p>\n<p>Director de Gesti\u00f3n: \u00a0 \u00a0 \u00a0 \u00a0 \u00a0 \u00a0 \u00a0 \u00a0 \u00a0 \u00a0 \u00a0 \u00a0 D. \u00a0Javier Llompart Burgos<\/p>\n<p>Director Comercial: \u00a0 \u00a0 \u00a0 \u00a0 \u00a0 \u00a0 \u00a0 \u00a0 \u00a0 \u00a0 \u00a0 \u00a0 \u00a0D. \u00a0Rafael Crespo Fortun.<\/p>\n<p><strong>\u00a0Comisi\u00f3n de Asuntos T\u00e9cnico-Profesionales<\/strong><\/p>\n<p>Presidente: \u00a0 \u00a0 \u00a0 \u00a0 \u00a0 \u00a0 \u00a0 \u00a0 \u00a0 \u00a0 \u00a0 \u00a0 \u00a0 \u00a0 \u00a0 \u00a0 \u00a0 \u00a0 \u00a0 \u00a0 D. \u00a0Luis Vilches Collado<\/p>\n<p>Vocales:\u00a0\u00a0\u00a0\u00a0\u00a0\u00a0\u00a0\u00a0\u00a0\u00a0\u00a0\u00a0\u00a0\u00a0\u00a0\u00a0\u00a0\u00a0\u00a0\u00a0\u00a0\u00a0\u00a0\u00a0\u00a0\u00a0\u00a0\u00a0\u00a0\u00a0\u00a0\u00a0\u00a0\u00a0\u00a0\u00a0\u00a0\u00a0\u00a0\u00a0\u00a0\u00a0\u00a0\u00a0\u00a0\u00a0 D. \u00a0Ignacio Zumalacarregui de Luxan<\/p>\n<p>D. Jes\u00fas Blanco L\u00f3pez<\/p>\n<p>D. Ram\u00f3n L\u00f3pez Eady<\/p>\n<p>D. Adri\u00e1n Prada Sevilla<\/p>\n<p>Director de Gesti\u00f3n \u00a0 \u00a0 \u00a0 \u00a0 \u00a0 \u00a0 \u00a0 \u00a0 \u00a0 \u00a0 \u00a0 \u00a0 \u00a0D. Javier Llompart Burgos<\/p>\n<p><strong>Comisi\u00f3n de Asuntos Econ\u00f3micos y Fiscales<\/strong><\/p>\n<p>Presidente: \u00a0 \u00a0 \u00a0 \u00a0 \u00a0 \u00a0 \u00a0 \u00a0 \u00a0 \u00a0 \u00a0 \u00a0 \u00a0 \u00a0 \u00a0 \u00a0 \u00a0 \u00a0 \u00a0 \u00a0 D. Pedro Luis Labella Arnanz<\/p>\n<p>Vocales: \u00a0 \u00a0 \u00a0 \u00a0 \u00a0 \u00a0 \u00a0 \u00a0 \u00a0 \u00a0 \u00a0 \u00a0 \u00a0 \u00a0 \u00a0 \u00a0 \u00a0 \u00a0 \u00a0 \u00a0 \u00a0 \u00a0 \u00a0D. Juan Ribes Rossi\u00f1ol de Zagranada<\/p>\n<p>D. David Diaz Guti\u00e9rrez<\/p>\n<p>D. Jos\u00e9 Mar\u00eda Garc\u00eda Agullo<\/p>\n<p>D. Juli\u00e1n Mora S\u00e1nchez<\/p>\n<p>Subdirector de Gesti\u00f3n \u00a0 \u00a0 \u00a0 \u00a0 \u00a0 \u00a0 \u00a0 \u00a0 \u00a0D. Pedro Pe\u00f1as Vargas<\/p>\n<p>Director de Gesti\u00f3n \u00a0 \u00a0 \u00a0 \u00a0 \u00a0 \u00a0 \u00a0 \u00a0 \u00a0 \u00a0 \u00a0 \u00a0 D. Javier Llompart Burgos<\/p>\n<p><strong>Comit\u00e9 del Fondo Editorial de Ingenier\u00eda Naval (FEIN)<\/strong><\/p>\n<p>Presidente: \u00a0 \u00a0 \u00a0 \u00a0 \u00a0 \u00a0 \u00a0 \u00a0 \u00a0 \u00a0 \u00a0 \u00a0 \u00a0 \u00a0 \u00a0 \u00a0 \u00a0 \u00a0 \u00a0 \u00a0D. Jos\u00e9 Mar\u00eda S\u00e1nchez Carri\u00f3n<\/p>\n<p>Vicepresidente: \u00a0 \u00a0 \u00a0 \u00a0 \u00a0 \u00a0 \u00a0 \u00a0 \u00a0 \u00a0 \u00a0 \u00a0 \u00a0 \u00a0 \u00a0 \u00a0D. Luis Luengo Romero<\/p>\n<p>Representantes de la Escuelas: \u00a0 \u00a0D. Miguel \u00c1ngel Herreros Sierra (ETSIN-UPM)<\/p>\n<p>D. Alberto Ramil Rego (EPS-UDC)<\/p>\n<p>D. Domingo Garc\u00eda L\u00f3pez (ETSINO-UPCT)<\/p>\n<p>Vocal: \u00a0 \u00a0 \u00a0 \u00a0 \u00a0 \u00a0 \u00a0 \u00a0 \u00a0 \u00a0 \u00a0 \u00a0 \u00a0 \u00a0 \u00a0 \u00a0 \u00a0 \u00a0 \u00a0 \u00a0 \u00a0 \u00a0 \u00a0 \u00a0 \u00a0D. Rub\u00e9n L\u00f3pez Pulido<\/p>\n<p>Director de Gesti\u00f3n \u00a0 \u00a0 \u00a0 \u00a0 \u00a0 \u00a0 \u00a0 \u00a0 \u00a0 \u00a0 \u00a0 \u00a0 \u00a0D. \u00a0Javier Llompart Burgos<\/p>\n<p>Subdirector de Gesti\u00f3n \u00a0 \u00a0 \u00a0 \u00a0 \u00a0 \u00a0 \u00a0 \u00a0 \u00a0 D. \u00a0Pedro Pe\u00f1as Vargas<\/p>\n<p>Directora de la Revista \u00a0 \u00a0 \u00a0 \u00a0 \u00a0 \u00a0 \u00a0 \u00a0 \u00a0 \u00a0D\u00f1a. Bel\u00e9n Garc\u00eda de Pablos.<\/p>\n","protected":false},"excerpt":{"rendered":"<p>Alto Consejo Consultivo Comisi\u00f3n de Asuntos Econ\u00f3micos y Fiscales Comisi\u00f3n de Asuntos T\u00e9cnico-Profesionales Comit\u00e9 de Gesti\u00f3n del Fondo Editorial (FEIN) Comisi\u00f3n de la revista \u00abIngenier\u00eda Naval\u201d Composici\u00f3n de Comisiones (al 31-12-15) Comisi\u00f3n de la Revista Ingenier\u00eda Naval Presidente: \u00a0 \u00a0 \u00a0 \u00a0 \u00a0 \u00a0 \u00a0 \u00a0 \u00a0 \u00a0 \u00a0 \u00a0 \u00a0 \u00a0 \u00a0 \u00a0 \u00a0 [&hellip;]<\/p>\n","protected":false},"author":1,"featured_media":476,"comment_status":"open","ping_status":"open","sticky":false,"template":"","format":"standard","meta":{"footnotes":""},"categories":[3],"tags":[],"class_list":{"0":"post-270","1":"post","2":"type-post","3":"status-publish","4":"format-standard","5":"has-post-thumbnail","7":"category-sin-categoria","8":"czr-hentry"},"_links":{"self":[{"href":"https:\/\/memoriaaine2015.ingenierosnavales.com\/index.php?rest_route=\/wp\/v2\/posts\/270","targetHints":{"allow":["GET"]}}],"collection":[{"href":"https:\/\/memoriaaine2015.ingenierosnavales.com\/index.php?rest_route=\/wp\/v2\/posts"}],"about":[{"href":"https:\/\/memoriaaine2015.ingenierosnavales.com\/index.php?rest_route=\/wp\/v2\/types\/post"}],"author":[{"embeddable":true,"href":"https:\/\/memoriaaine2015.ingenierosnavales.com\/index.php?rest_route=\/wp\/v2\/users\/1"}],"replies":[{"embeddable":true,"href":"https:\/\/memoriaaine2015.ingenierosnavales.com\/index.php?rest_route=%2Fwp%2Fv2%2Fcomments&post=270"}],"version-history":[{"count":0,"href":"https:\/\/memoriaaine2015.ingenierosnavales.com\/index.php?rest_route=\/wp\/v2\/posts\/270\/revisions"}],"wp:featuredmedia":[{"embeddable":true,"href":"https:\/\/memoriaaine2015.ingenierosnavales.com\/index.php?rest_route=\/wp\/v2\/media\/476"}],"wp:attachment":[{"href":"https:\/\/memoriaaine2015.ingenierosnavales.com\/index.php?rest_route=%2Fwp%2Fv2%2Fmedia&parent=270"}],"wp:term":[{"taxonomy":"category","embeddable":true,"href":"https:\/\/memoriaaine2015.ingenierosnavales.com\/index.php?rest_route=%2Fwp%2Fv2%2Fcategories&post=270"},{"taxonomy":"post_tag","embeddable":true,"href":"https:\/\/memoriaaine2015.ingenierosnavales.com\/index.php?rest_route=%2Fwp%2Fv2%2Ftags&post=270"}],"curies":[{"name":"wp","href":"https:\/\/api.w.org\/{rel}","templated":true}]}}