{"id":272,"date":"2016-02-26T11:22:23","date_gmt":"2016-02-26T11:22:23","guid":{"rendered":"http:\/\/memoriaaine2015.ingenierosnavales.com\/?p=272"},"modified":"2016-02-26T11:22:23","modified_gmt":"2016-02-26T11:22:23","slug":"planes-de-actuacion-tecnologica-pat","status":"publish","type":"post","link":"https:\/\/memoriaaine2015.ingenierosnavales.com\/?p=272","title":{"rendered":"Planes de Actuaci\u00f3n Tecnol\u00f3gica (PAT)"},"content":{"rendered":"<p><strong>PAT18 &#8211; Energ\u00edas Renovables de Origen Marino<\/strong><\/p>\n<p>Se desarrollo por el PAT 18 un plan de acci\u00f3n con las siguientes l\u00edneas:<\/p>\n<ol>\n<li>Organizaci\u00f3n de las <a href=\"http:\/\/enermar2015.ingenierosnavales.com\/desar\/desarrollo.asp?apt=25\" target=\"_blank\">6<sup>as <\/sup>Jornadas T\u00e9cnicas \u201cENERMAR\u201d en Vigo<\/a>.<\/li>\n<li>Fomento de la innovaci\u00f3n en ENERMAR entre los proyectos aspirantes a conseguir el t\u00edtulo de Ingenier\u00eda Naval, Ingenier\u00eda Naval y Oce\u00e1nica o M\u00e1ster habilitante para ellos.\n<ul>\n<li><a href=\"http:\/\/www.ingenierosnavales.com\/content\/primer-premio-enermar-fallo-del-jurado-0\" target=\"_blank\">Concesi\u00f3n del 1<sup>er<\/sup> Premio \u201cENERMAR\u201d para \u00a0Proyectos Fin de \u00a0Carrera<\/a>.<\/li>\n<li><a href=\"http:\/\/www.ingenierosnavales.com\/content\/ii-convocatoria-de-los-premios-enermar-0\" target=\"_blank\">Convocatoria del 2\u00ba Premio \u201cENERMAR\u201d para Proyectos Fin de\u00a0 Carrera.<\/a><\/li>\n<\/ul>\n<\/li>\n<li>Participaci\u00f3n activa del PAT18 en el 54\u00ba Congreso de la Ingenier\u00eda Naval en Ferrol mediante ponencias, trabajos o mesas redondas relacionados con las ENERMAR.<\/li>\n<li>Creaci\u00f3n de bolsas de trabajo en empresas relacionadas con las ENERMAR para compa\u00f1eros reci\u00e9n egresados de las Escuelas. Colaboraci\u00f3n con Maritime Jobs, quien ser\u00eda el encargado de gestionar las oportunidades de empleo en este subsector.<\/li>\n<li><a href=\"http:\/\/www.ingenierosnavales.com\/content\/ii-convocatoria-de-los-premios-enermar-0\" target=\"_blank\"><img loading=\"lazy\" decoding=\"async\" class=\"alignleft wp-image-426 size-full\" src=\"https:\/\/memoriaaine2015a.ingenierosnavales.com\/wp-content\/uploads\/2016\/02\/imagen-pat-18-2.png\" alt=\"imagen pat 18 2\" width=\"480\" height=\"360\" srcset=\"https:\/\/memoriaaine2015.ingenierosnavales.com\/wp-content\/uploads\/2016\/02\/imagen-pat-18-2.png 480w, https:\/\/memoriaaine2015.ingenierosnavales.com\/wp-content\/uploads\/2016\/02\/imagen-pat-18-2-300x225.png 300w\" sizes=\"auto, (max-width: 480px) 100vw, 480px\" \/><\/a>Asistencia, como PAT18, a Congresos, Jornadas, Seminarios sobre ENERMAR\u00a0que se celebren en Espa\u00f1a o en el extranjero, siempre que el presupuesto lo\u00a0permita.<\/li>\n<li>Fomento y consolidaci\u00f3n de la biblioteca de informaci\u00f3n de las ENERMAR cuya estructura fue creada en 2010 en la p\u00e1gina web del COIN.<\/li>\n<li>Representaci\u00f3n y defensa de los intereses de la ingenier\u00eda naval y oce\u00e1nica en todas las instituciones u organismos cuyo objetivo sea el fomento y el desarrollo as\u00ed como la divulgaci\u00f3n de las ENERMAR.<\/li>\n<li>Difusi\u00f3n de las ENERMAR y de las potencialidades de desarrollo profesional en este sector dentro de la Ingenier\u00eda Naval y Oce\u00e1nica.\u00a0Impartir Charlas en las tres Escuelas de INOs.<\/li>\n<li>Colaboraci\u00f3n con la Fundaci\u00f3n Ingeniero Jorge Juan en la elaboraci\u00f3n de cursos de formaci\u00f3n \u201conline\u201d sobre ENERMAR. Dicha colaboraci\u00f3n puede ser directa, creando el curr\u00edculum y dirigiendo las clases a los alumnos, o indirecta, localizando entre nuestros contactos profesionales a las personas m\u00e1s id\u00f3neas para ello.<\/li>\n<li>Colaboraci\u00f3n con la revista Ingenier\u00eda Naval mediante la publicaci\u00f3n de art\u00edculos y\/o trabajos relacionados con las ENERMAR.<\/li>\n<\/ol>\n<p>Tambi\u00e9n se elabor\u00f3 un M\u00e1ster de titulaci\u00f3n propia en ENERMAR con la ETSIN, con un\u00a0Comit\u00e9 formado por Jaime Dom\u00ednguez, Vicente D\u00edaz, Diego Palac\u00edn y Juan Moya por parte del PAT18 y por Luis Ram\u00f3n N\u00fa\u00f1ez (Director) y Amable L\u00f3pez\u00a0 (Subdirector de I+D+i e Infraestructuras) por la ETSIN, con las siguientes l\u00edneas:<\/p>\n<ul>\n<li>Elaboraci\u00f3n de un Plan de estudios y composici\u00f3n del profesorado y tutores de Proyectos Fin de M\u00e1ster..<\/li>\n<li>Objetivo: Curso 2016-2017.<\/li>\n<li>M\u00f3dulos obligatorios, optativos y en modalidades presenciales y online.<\/li>\n<li>Proyecto Fin de M\u00e1ster con pr\u00e1cticas en empresas.\u00a0<a href=\"https:\/\/memoriaaine2015a.ingenierosnavales.com\/wp-content\/uploads\/2016\/02\/master-pat-18.pdf\" rel=\"\">master pat 18<\/a><\/li>\n<\/ul>\n","protected":false},"excerpt":{"rendered":"<p>PAT18 &#8211; Energ\u00edas Renovables de Origen Marino Se desarrollo por el PAT 18 un plan de acci\u00f3n con las siguientes l\u00edneas: Organizaci\u00f3n de las 6as Jornadas T\u00e9cnicas \u201cENERMAR\u201d en Vigo. Fomento de la innovaci\u00f3n en ENERMAR entre los proyectos aspirantes a conseguir el t\u00edtulo de Ingenier\u00eda Naval, Ingenier\u00eda Naval y Oce\u00e1nica o M\u00e1ster habilitante para [&hellip;]<\/p>\n","protected":false},"author":1,"featured_media":431,"comment_status":"open","ping_status":"open","sticky":false,"template":"","format":"image","meta":{"footnotes":""},"categories":[3],"tags":[],"class_list":{"0":"post-272","1":"post","2":"type-post","3":"status-publish","4":"format-image","5":"has-post-thumbnail","7":"category-sin-categoria","8":"post_format-post-format-image","9":"czr-hentry"},"_links":{"self":[{"href":"https:\/\/memoriaaine2015.ingenierosnavales.com\/index.php?rest_route=\/wp\/v2\/posts\/272","targetHints":{"allow":["GET"]}}],"collection":[{"href":"https:\/\/memoriaaine2015.ingenierosnavales.com\/index.php?rest_route=\/wp\/v2\/posts"}],"about":[{"href":"https:\/\/memoriaaine2015.ingenierosnavales.com\/index.php?rest_route=\/wp\/v2\/types\/post"}],"author":[{"embeddable":true,"href":"https:\/\/memoriaaine2015.ingenierosnavales.com\/index.php?rest_route=\/wp\/v2\/users\/1"}],"replies":[{"embeddable":true,"href":"https:\/\/memoriaaine2015.ingenierosnavales.com\/index.php?rest_route=%2Fwp%2Fv2%2Fcomments&post=272"}],"version-history":[{"count":0,"href":"https:\/\/memoriaaine2015.ingenierosnavales.com\/index.php?rest_route=\/wp\/v2\/posts\/272\/revisions"}],"wp:featuredmedia":[{"embeddable":true,"href":"https:\/\/memoriaaine2015.ingenierosnavales.com\/index.php?rest_route=\/wp\/v2\/media\/431"}],"wp:attachment":[{"href":"https:\/\/memoriaaine2015.ingenierosnavales.com\/index.php?rest_route=%2Fwp%2Fv2%2Fmedia&parent=272"}],"wp:term":[{"taxonomy":"category","embeddable":true,"href":"https:\/\/memoriaaine2015.ingenierosnavales.com\/index.php?rest_route=%2Fwp%2Fv2%2Fcategories&post=272"},{"taxonomy":"post_tag","embeddable":true,"href":"https:\/\/memoriaaine2015.ingenierosnavales.com\/index.php?rest_route=%2Fwp%2Fv2%2Ftags&post=272"}],"curies":[{"name":"wp","href":"https:\/\/api.w.org\/{rel}","templated":true}]}}