{"id":291,"date":"2016-03-02T10:29:17","date_gmt":"2016-03-02T10:29:17","guid":{"rendered":"http:\/\/memoriaaine2015.ingenierosnavales.com\/?p=291"},"modified":"2016-03-02T10:29:17","modified_gmt":"2016-03-02T10:29:17","slug":"alto-consejo-consultivo","status":"publish","type":"post","link":"https:\/\/memoriaaine2015.ingenierosnavales.com\/?p=291","title":{"rendered":"Alto Consejo Consultivo"},"content":{"rendered":"<p>El \u00a0Alto Consejo Consultivo de la AINE se reuni\u00f3 el 8 de junio de 2015 con la asistencia de \u00c1lvaro Nadal, Secretario de Estado y Director de la Oficina Econ\u00f3mica del Presidente del Gobierno.<\/p>\n<p><img loading=\"lazy\" decoding=\"async\" class=\"alignnone size-medium wp-image-363\" src=\"https:\/\/memoriaaine2015a.ingenierosnavales.com\/wp-content\/uploads\/2016\/03\/DSCN3350b-300x225.jpg\" alt=\"DSCN3350b\" width=\"300\" height=\"225\" srcset=\"https:\/\/memoriaaine2015.ingenierosnavales.com\/wp-content\/uploads\/2016\/03\/DSCN3350b-300x225.jpg 300w, https:\/\/memoriaaine2015.ingenierosnavales.com\/wp-content\/uploads\/2016\/03\/DSCN3350b-768x576.jpg 768w, https:\/\/memoriaaine2015.ingenierosnavales.com\/wp-content\/uploads\/2016\/03\/DSCN3350b-1024x768.jpg 1024w\" sizes=\"auto, (max-width: 300px) 100vw, 300px\" \/><\/p>\n<p>Los componentes del mismo son:<\/p>\n<ul>\n<li>Alejandro Aznar,- Presidente del Cl\u00faster Mar\u00edtimo Espa\u00f1ol, Presidente de Naviera Ibaizabal, Presidente de Bodegas de Marqu\u00e9s de Riscal.<\/li>\n<li>Federico Esteve Jaquotot, &#8211; Presidente de Honor del Cluster Mar\u00edtimo Espa\u00f1ol, ex Presidente de ATESA. ex Presidente de Trasmediterr\u00e1nea, ex Presidente de Naviera Mallorquina y ex Presidente de Spantax.<\/li>\n<li>Jos\u00e9 Manuel Revuelta, Presidente de NAVANTIA.<\/li>\n<li>Jaime Mu\u00f1oz-Delgado D\u00edaz del R\u00edo, Almirante General, Jefe de Estado Mayor de la Armada, Secretaria.<\/li>\n<li>Manuel Moreu Munaiz, Presidente del Instituto de la Ingenier\u00eda de Espa\u00f1a, Presidente de Seaplace, Ex Decano del Colegio Oficial de Ingenieros Navales y Oce\u00e1nicos.<\/li>\n<li>Alvaro Platero D\u00edaz, Presidente de PYMAR, Presidente de Astilleros Gond\u00e1n, S.A.<\/li>\n<li>Jorge Sendagorta, Presidente y Consejero Delegado de SENER.<\/li>\n<li>Adolfo Utor Mart\u00ednez, Presidente de ANAVE y Presidente de Balearia.<\/li>\n<li>Carlos Suarez P\u00e9rez, Director General de Indra.<\/li>\n<li>Luis Ram\u00f3n N\u00fa\u00f1ez Director de la Escuela T\u00e9cnica Superior de Ingenieros.<\/li>\n<li>Vicente Moreno Garc\u00eda-Mansilla, Presidente &#8211; Consejero Delegado de ACCENTURE.<\/li>\n<li>Joaqu\u00edn Coello Brufau \u2013 Acad\u00e9mico y Vicepresidente Real Academia de la Ingenier\u00eda. Ex Presidente, Consejero Delegado de APPLUS, anteriormente Presidente de la Autoridad Portuaria de Barcelona, Decano del Colegio Oficial de Ingenieros Navales y Oce\u00e1nicos, Vicepresidente de la Asociaci\u00f3n de Ingenieros Navales y Oce\u00e1nicos de Espa\u00f1a.<\/li>\n<li>Jos\u00e9 Romero Bernabeu \u2013 Consejero de PYMAR (Peque\u00f1os y Medianos Astilleros) y de SOERMAR Ex Director General de Astilleros Canarios y Astilleros de Santander.<\/li>\n<li>Jos\u00e9 Esteban P\u00e9rez, Presidente del Comit\u00e9 de Asuntos Mar\u00edtimos y Marinos del IIE (Instituto de Ingenier\u00eda de Espa\u00f1a), anteriormente Presidente de la AINE.<\/li>\n<li>Jos\u00e9 Manuel Sanjurjo Jul \u2013 Acad\u00e9mico RAI (Real Academia de Ingenier\u00eda), Almirante ex Jefe de la Direcci\u00f3n de Construcciones Navales de la Armada, secretaria Mariana.<\/li>\n<li>Luis Vilches, Decano del COIN (Colegio de Ingenieros Navales), Presidente de AINE (Asociaci\u00f3n de Ingenieros Navales), Vicepresidente del Cl\u00faster Mar\u00edtimo Espa\u00f1ol, Vicepresidente de UPCI (Uni\u00f3n Profesional de Colegios de Ingenieros)<\/li>\n<\/ul>\n<p>Invitados:<\/p>\n<ul>\n<li>Jos\u00e9 Mar\u00eda de la Vi\u00f1a Molleda, Vicedecano de COIN<\/li>\n<li>Jos\u00e9 Mar\u00eda S\u00e1nchez Carri\u00f3n, Vicepresidente de AINE<\/li>\n<li>Javier Llompart Burgos, Director de Gesti\u00f3n de COIN y AINE<\/li>\n<\/ul>\n","protected":false},"excerpt":{"rendered":"<p>El \u00a0Alto Consejo Consultivo de la AINE se reuni\u00f3 el 8 de junio de 2015 con la asistencia de \u00c1lvaro Nadal, Secretario de Estado y Director de la Oficina Econ\u00f3mica del Presidente del Gobierno. Los componentes del mismo son: Alejandro Aznar,- Presidente del Cl\u00faster Mar\u00edtimo Espa\u00f1ol, Presidente de Naviera Ibaizabal, Presidente de Bodegas de Marqu\u00e9s [&hellip;]<\/p>\n","protected":false},"author":1,"featured_media":0,"comment_status":"open","ping_status":"open","sticky":false,"template":"","format":"standard","meta":{"footnotes":""},"categories":[3],"tags":[],"class_list":{"0":"post-291","1":"post","2":"type-post","3":"status-publish","4":"format-standard","6":"category-sin-categoria","7":"czr-hentry"},"_links":{"self":[{"href":"https:\/\/memoriaaine2015.ingenierosnavales.com\/index.php?rest_route=\/wp\/v2\/posts\/291","targetHints":{"allow":["GET"]}}],"collection":[{"href":"https:\/\/memoriaaine2015.ingenierosnavales.com\/index.php?rest_route=\/wp\/v2\/posts"}],"about":[{"href":"https:\/\/memoriaaine2015.ingenierosnavales.com\/index.php?rest_route=\/wp\/v2\/types\/post"}],"author":[{"embeddable":true,"href":"https:\/\/memoriaaine2015.ingenierosnavales.com\/index.php?rest_route=\/wp\/v2\/users\/1"}],"replies":[{"embeddable":true,"href":"https:\/\/memoriaaine2015.ingenierosnavales.com\/index.php?rest_route=%2Fwp%2Fv2%2Fcomments&post=291"}],"version-history":[{"count":0,"href":"https:\/\/memoriaaine2015.ingenierosnavales.com\/index.php?rest_route=\/wp\/v2\/posts\/291\/revisions"}],"wp:attachment":[{"href":"https:\/\/memoriaaine2015.ingenierosnavales.com\/index.php?rest_route=%2Fwp%2Fv2%2Fmedia&parent=291"}],"wp:term":[{"taxonomy":"category","embeddable":true,"href":"https:\/\/memoriaaine2015.ingenierosnavales.com\/index.php?rest_route=%2Fwp%2Fv2%2Fcategories&post=291"},{"taxonomy":"post_tag","embeddable":true,"href":"https:\/\/memoriaaine2015.ingenierosnavales.com\/index.php?rest_route=%2Fwp%2Fv2%2Ftags&post=291"}],"curies":[{"name":"wp","href":"https:\/\/api.w.org\/{rel}","templated":true}]}}