{"id":296,"date":"2016-03-02T10:31:12","date_gmt":"2016-03-02T10:31:12","guid":{"rendered":"http:\/\/memoriaaine2015.ingenierosnavales.com\/?p=296"},"modified":"2016-03-02T10:31:12","modified_gmt":"2016-03-02T10:31:12","slug":"comite-de-gestion-del-fondo-editorial-fein","status":"publish","type":"post","link":"https:\/\/memoriaaine2015.ingenierosnavales.com\/?p=296","title":{"rendered":"Comit\u00e9 de Gesti\u00f3n del Fondo Editorial (FEIN)"},"content":{"rendered":"<p>En la actualidad, el Comit\u00e9 est\u00e1 formado por Presidente, Vicepresidente, tres representantes de cada una de las Escuelas, un vocal designado por la Junta de Gobierno, adem\u00e1s del Director de Gesti\u00f3n, el Subdirector de Gesti\u00f3n y como asesora la Directora de la Revista.<br \/>\nEl Comit\u00e9 se reuni\u00f3, en tres ocasiones, el 25 de marzo, el 7 de julio y el 2 de octubre. Entre las labores que se han llevado a cabo durante este a\u00f1o cabe destacar:<\/p>\n<ul>\n<li>An\u00e1lisis y resumen de las respuestas recibidas a las propuestas de publicaciones.<\/li>\n<li>Preparaci\u00f3n de la Publicaci\u00f3n \u201cNAV\u00cdOS DE LA REAL ARMADA.1700-1860\u201d cuyo autor es Enrique Garc\u00eda Torralba.<\/li>\n<\/ul>\n<p><img loading=\"lazy\" decoding=\"async\" class=\"alignnone size-medium wp-image-396\" src=\"https:\/\/memoriaaine2015a.ingenierosnavales.com\/wp-content\/uploads\/2016\/03\/fein-220x300.png\" alt=\"fein\" width=\"220\" height=\"300\" srcset=\"https:\/\/memoriaaine2015.ingenierosnavales.com\/wp-content\/uploads\/2016\/03\/fein-220x300.png 220w, https:\/\/memoriaaine2015.ingenierosnavales.com\/wp-content\/uploads\/2016\/03\/fein.png 412w\" sizes=\"auto, (max-width: 220px) 100vw, 220px\" \/><\/p>\n<p>Se pueden encontrar todas las publicaciones disponibles en la tienda de nuestra <a href=\"http:\/\/www.ingenierosnavales.com\/catalog\/5\">cat\u00e1logo de la p\u00e1gina Web<\/a><\/p>\n","protected":false},"excerpt":{"rendered":"<p>En la actualidad, el Comit\u00e9 est\u00e1 formado por Presidente, Vicepresidente, tres representantes de cada una de las Escuelas, un vocal designado por la Junta de Gobierno, adem\u00e1s del Director de Gesti\u00f3n, el Subdirector de Gesti\u00f3n y como asesora la Directora de la Revista. El Comit\u00e9 se reuni\u00f3, en tres ocasiones, el 25 de marzo, el [&hellip;]<\/p>\n","protected":false},"author":1,"featured_media":398,"comment_status":"open","ping_status":"open","sticky":false,"template":"","format":"standard","meta":{"footnotes":""},"categories":[3],"tags":[],"class_list":{"0":"post-296","1":"post","2":"type-post","3":"status-publish","4":"format-standard","5":"has-post-thumbnail","7":"category-sin-categoria","8":"czr-hentry"},"_links":{"self":[{"href":"https:\/\/memoriaaine2015.ingenierosnavales.com\/index.php?rest_route=\/wp\/v2\/posts\/296","targetHints":{"allow":["GET"]}}],"collection":[{"href":"https:\/\/memoriaaine2015.ingenierosnavales.com\/index.php?rest_route=\/wp\/v2\/posts"}],"about":[{"href":"https:\/\/memoriaaine2015.ingenierosnavales.com\/index.php?rest_route=\/wp\/v2\/types\/post"}],"author":[{"embeddable":true,"href":"https:\/\/memoriaaine2015.ingenierosnavales.com\/index.php?rest_route=\/wp\/v2\/users\/1"}],"replies":[{"embeddable":true,"href":"https:\/\/memoriaaine2015.ingenierosnavales.com\/index.php?rest_route=%2Fwp%2Fv2%2Fcomments&post=296"}],"version-history":[{"count":0,"href":"https:\/\/memoriaaine2015.ingenierosnavales.com\/index.php?rest_route=\/wp\/v2\/posts\/296\/revisions"}],"wp:featuredmedia":[{"embeddable":true,"href":"https:\/\/memoriaaine2015.ingenierosnavales.com\/index.php?rest_route=\/wp\/v2\/media\/398"}],"wp:attachment":[{"href":"https:\/\/memoriaaine2015.ingenierosnavales.com\/index.php?rest_route=%2Fwp%2Fv2%2Fmedia&parent=296"}],"wp:term":[{"taxonomy":"category","embeddable":true,"href":"https:\/\/memoriaaine2015.ingenierosnavales.com\/index.php?rest_route=%2Fwp%2Fv2%2Fcategories&post=296"},{"taxonomy":"post_tag","embeddable":true,"href":"https:\/\/memoriaaine2015.ingenierosnavales.com\/index.php?rest_route=%2Fwp%2Fv2%2Ftags&post=296"}],"curies":[{"name":"wp","href":"https:\/\/api.w.org\/{rel}","templated":true}]}}