{"id":314,"date":"2016-03-02T10:52:03","date_gmt":"2016-03-02T10:52:03","guid":{"rendered":"http:\/\/memoriaaine2015.ingenierosnavales.com\/?p=314"},"modified":"2016-03-02T10:52:03","modified_gmt":"2016-03-02T10:52:03","slug":"comite-de-asuntos-maritimos-y-marinos","status":"publish","type":"post","link":"https:\/\/memoriaaine2015.ingenierosnavales.com\/?p=314","title":{"rendered":"Comit\u00e9 de Asuntos Mar\u00edtimos y Marinos"},"content":{"rendered":"<p>El Comit\u00e9 de Asuntos Mar\u00edtimos se cre\u00f3 en el verano de 2014.<\/p>\n<p>La mejora de la eficacia de la gesti\u00f3n m\u00faltiple y transversal de las actividades del sector mar\u00edtimo, justifica el car\u00e1cter estrat\u00e9gico del mismo, y la existencia de un Comit\u00e9 de Asuntos Mar\u00edtimos multidisciplinar y transversal entre las Ingenier\u00edas que constituyen el Instituto de la Ingenier\u00eda de Espa\u00f1a.<\/p>\n<p>El Comit\u00e9 est\u00e1 formado por seis ingenieros Navales, tres ingenieros de Caminos, Canales y Puertos, un ingeniero del ICAI, un ingeniero Aeron\u00e1utico, un ingeniero Industrial y un ingeniero Agr\u00f3nomo.<\/p>\n<p>Los ingenieros navales son:<\/p>\n<ul>\n<li>Jos\u00e9-Esteban P\u00e9rez. Presidente<\/li>\n<li>Bel\u00e9n G\u00aa de Pablos. Secretaria<\/li>\n<li>Rafael Guti\u00e9rrez Fraile. Vocal<\/li>\n<li>Pilar Tejo Mora-Granados. Vocal<\/li>\n<li>Rub\u00e9n L\u00f3pez Pulido. Vocal<\/li>\n<li>Luis de Carlos Guimer\u00e1<\/li>\n<\/ul>\n<p>La <a href=\"http:\/\/www.Comit\u00e9-de-Asuntos-Maritimos_3488.html\" target=\"_blank\">web del Comit\u00e9<\/a><\/p>\n<p>El Comit\u00e9 <a href=\"http:\/\/www.iies.es\/amaritimos\" target=\"_blank\">ha creado un Blog<\/a>.<\/p>\n<p>Hasta febrero de 2016, el Blog ha producido:<\/p>\n<ul>\n<li><a href=\"http:\/\/www.iies.es\/amaritimos\/Transporte-maritimo-de-contenedores_a3.html\" target=\"_blank\">Transporte mar\u00edtimo de contenedores<\/a><\/li>\n<li><a href=\"http:\/\/www.iies.es\/amaritimos\/Los-nuevos-camellos_a4.html\" target=\"_blank\">Los nuevos camellos<\/a><\/li>\n<li><a href=\"http:\/\/www.iies.es\/amaritimos\/EL-IMPACTO-DEL-PRECIO-DE-LA-ENERGIA-EN-EL-TRANSPORTE-MARITIMO_a6.html\" target=\"_blank\">Impacto de la energ\u00eda en el transporte mar\u00edtimo<\/a><\/li>\n<li><a href=\"http:\/\/www.iies.es\/amaritimos\/Espana-ante-el-mar_a7.html\" target=\"_blank\">Espa\u00f1a ante el mar<\/a><\/li>\n<li><a href=\"http:\/\/www.iies.es\/amaritimos\/Comentarios-del-Comite-de-Asuntos-Maritimos-y-Marinos-a-la-Agenda-para-el-fortalecimiento-del-sector-industrial-en_a8.html\" target=\"_blank\">Comentarios a la \u201cAgenda para el fortalecimiento del sector industrial en Espa\u00f1a\u201d del Ministerio de Industria, Energ\u00eda y Turismo.<\/a><\/li>\n<li><a href=\"http:\/\/www.iies.es\/amaritimos\/Posible-tamano-de-la-industria-naval-espanola_a9.html\" target=\"_blank\">Posible tama\u00f1o de la industria naval espa\u00f1ola<\/a><\/li>\n<li><a href=\"http:\/\/www.iies.es\/amaritimos\/La-cooperacion-internacional-y-el-mar_a10.html\" target=\"_blank\">La cooperaci\u00f3n internacional y el mar<\/a><\/li>\n<li><a href=\"http:\/\/www.iies.es\/amaritimos\/La-impresion-en-3D-el-futuro-industrial-y-el-sector-maritimo_a11.html\" target=\"_blank\">La impresi\u00f3n en 3D: el futuro industrial y el sector mar\u00edtimo<\/a><\/li>\n<li><a href=\"http:\/\/www.iies.es\/amaritimos\/Las-autopistas-del-mar_a13.html\" target=\"_blank\">Las autopistas del mar<\/a><\/li>\n<li><a href=\"http:\/\/www.iies.es\/amaritimos\/Que-esta-pasando-en-los-astilleros-del-lejano-oriente_a14.html\" target=\"_blank\">\u00bfQu\u00e9 est\u00e1 pasando en los astilleros del Lejano Oriente?<\/a><\/li>\n<li><a href=\"http:\/\/www.iies.es\/amaritimos\/50-anos-de-puertos_a15.html\" target=\"_blank\">50 a\u00f1os de puertos<\/a><\/li>\n<li><a href=\"http:\/\/www.iies.es\/amaritimos\/El-mar-necesario-y-la-industria-offshore_a16.html\" target=\"_blank\">El mar necesario y la industria offshore<\/a><\/li>\n<\/ul>\n<p>El Comit\u00e9 ha realizado Jornadas abiertas sobre los siguientes temas:<\/p>\n<ul>\n<li><a href=\"http:\/\/www.iies.es\/El-Proyecto-de-Ley-de-Navegacion-Maritima-armoniza-las-distintas-legislaciones_a3763.html\" target=\"_blank\">Proyecto de Ley de Navegaci\u00f3n Mar\u00edtima<\/a>, en colaboraci\u00f3n con el comit\u00e9 de Desarrollo Legislativo, del IIE.<\/li>\n<li><a href=\"http:\/\/www.iies.es\/La-nautica-espanola-exitosa-en-el-deporte-y-estancada-en-lo-industrial_a4306.html\" target=\"_blank\">La industria n\u00e1utica y las competiciones de vela. La Volvo Ocean Race.<\/a><\/li>\n<li><a href=\"http:\/\/www.iies.es\/Es-urgente-proteger-el-turismo-del-cambio-climatico-senalan-los-expertos_a4548.html\" target=\"_blank\">Posibles efectos del cambio clim\u00e1tico en el turismo en Espa\u00f1a.<\/a><\/li>\n<li><a href=\"https:\/\/www.youtube.com\/watch?v=mzZG1qIxkyg\" target=\"_blank\">Dos canales crecen para el mundo: Panam\u00e1 y Suez. Su influencia en el tr\u00e1fico mar\u00edtimo.<\/a><\/li>\n<\/ul>\n<p>Los v\u00eddeos de estas Jornadas est\u00e1n disponibles <a href=\"http:\/\/www.iies.es\/CANAL-TV_r140.html\" target=\"_blank\">en la web del Instituto<\/a>.<\/p>\n","protected":false},"excerpt":{"rendered":"<p>El Comit\u00e9 de Asuntos Mar\u00edtimos se cre\u00f3 en el verano de 2014. La mejora de la eficacia de la gesti\u00f3n m\u00faltiple y transversal de las actividades del sector mar\u00edtimo, justifica el car\u00e1cter estrat\u00e9gico del mismo, y la existencia de un Comit\u00e9 de Asuntos Mar\u00edtimos multidisciplinar y transversal entre las Ingenier\u00edas que constituyen el Instituto de [&hellip;]<\/p>\n","protected":false},"author":1,"featured_media":319,"comment_status":"open","ping_status":"open","sticky":false,"template":"","format":"standard","meta":{"footnotes":""},"categories":[2],"tags":[],"class_list":{"0":"post-314","1":"post","2":"type-post","3":"status-publish","4":"format-standard","5":"has-post-thumbnail","7":"category-comites-iie","8":"czr-hentry"},"_links":{"self":[{"href":"https:\/\/memoriaaine2015.ingenierosnavales.com\/index.php?rest_route=\/wp\/v2\/posts\/314","targetHints":{"allow":["GET"]}}],"collection":[{"href":"https:\/\/memoriaaine2015.ingenierosnavales.com\/index.php?rest_route=\/wp\/v2\/posts"}],"about":[{"href":"https:\/\/memoriaaine2015.ingenierosnavales.com\/index.php?rest_route=\/wp\/v2\/types\/post"}],"author":[{"embeddable":true,"href":"https:\/\/memoriaaine2015.ingenierosnavales.com\/index.php?rest_route=\/wp\/v2\/users\/1"}],"replies":[{"embeddable":true,"href":"https:\/\/memoriaaine2015.ingenierosnavales.com\/index.php?rest_route=%2Fwp%2Fv2%2Fcomments&post=314"}],"version-history":[{"count":0,"href":"https:\/\/memoriaaine2015.ingenierosnavales.com\/index.php?rest_route=\/wp\/v2\/posts\/314\/revisions"}],"wp:featuredmedia":[{"embeddable":true,"href":"https:\/\/memoriaaine2015.ingenierosnavales.com\/index.php?rest_route=\/wp\/v2\/media\/319"}],"wp:attachment":[{"href":"https:\/\/memoriaaine2015.ingenierosnavales.com\/index.php?rest_route=%2Fwp%2Fv2%2Fmedia&parent=314"}],"wp:term":[{"taxonomy":"category","embeddable":true,"href":"https:\/\/memoriaaine2015.ingenierosnavales.com\/index.php?rest_route=%2Fwp%2Fv2%2Fcategories&post=314"},{"taxonomy":"post_tag","embeddable":true,"href":"https:\/\/memoriaaine2015.ingenierosnavales.com\/index.php?rest_route=%2Fwp%2Fv2%2Ftags&post=314"}],"curies":[{"name":"wp","href":"https:\/\/api.w.org\/{rel}","templated":true}]}}