{"id":347,"date":"2016-03-22T13:11:17","date_gmt":"2016-03-22T13:11:17","guid":{"rendered":"http:\/\/memoriaaine2015.ingenierosnavales.com\/?p=347"},"modified":"2019-05-13T11:29:06","modified_gmt":"2019-05-13T11:29:06","slug":"composicion-de-la-oficina-de-gestion","status":"publish","type":"post","link":"https:\/\/memoriaaine2015.ingenierosnavales.com\/?p=347","title":{"rendered":"Composici\u00f3n de la Oficina de Gesti\u00f3n"},"content":{"rendered":"<ul>\n<li>Javier Llompart Burgos, Director de Gesti\u00f3n<\/li>\n<li>Pedro Pe\u00f1as Vargas, Subdirector de Gesti\u00f3n<\/li>\n<li>Loly Rey S\u00e1nchez, Secretaria de Direcci\u00f3n<\/li>\n<li>Pilar Gadea Serrano, Visados, Seguros, Agepin y Servicio de Mayores.<\/li>\n<li>Mercedes Arag\u00f3n Mu\u00f1oz, Contabilidad, Administraci\u00f3n, Delegaciones Territoriales, Cofinave y Compras.<\/li>\n<li>Marta Mu\u00f1oz Palacio, Colegiaci\u00f3n, FEIN, SOPIN y SEIN, Actos T\u00e9cnicos y Sociales, Circulares.<\/li>\n<li>Camilo Fraga Canosa, Reprograf\u00eda y env\u00edos<\/li>\n<li>Mar\u00eda Bel\u00e9n Vallejo Jerez, Registro y Recepci\u00f3n<\/li>\n<\/ul>\n<p>Ingenier\u00eda Naval:<\/p>\n<ul>\n<li>Bel\u00e9n Garc\u00eda de Pablos, Directora<\/li>\n<li>Ver\u00f3nica Abad Soto, Redactora jefe<\/li>\n<li>Eva Oliva de la Costa, redactora<\/li>\n<li>Noem\u00ed Cez\u00f3n L\u00f3pez, Administraci\u00f3n y redacci\u00f3n<\/li>\n<\/ul>\n<p>Agepin:<\/p>\n<ul>\n<li>Juli\u00e1n Mora S\u00e1nchez<\/li>\n<\/ul>\n<p>Fundaci\u00f3n Ingeniero Jorge Juan:<\/p>\n<ul>\n<li>Silvia Oriola Tamayo, Directora<\/li>\n<li>In\u00e9s Hern\u00e1ndez<\/li>\n<li>Alberto Alonso P\u00e9rez<\/li>\n<\/ul>\n<p>Maritime Jobs:<\/p>\n<ul>\n<li>Jes\u00fas Querol, Director<\/li>\n<li>Ana Arias, Secretaria<\/li>\n<\/ul>\n","protected":false},"excerpt":{"rendered":"<p>Javier Llompart Burgos, Director de Gesti\u00f3n Pedro Pe\u00f1as Vargas, Subdirector de Gesti\u00f3n Loly Rey S\u00e1nchez, Secretaria de Direcci\u00f3n Pilar Gadea Serrano, Visados, Seguros, Agepin y Servicio de Mayores. Mercedes Arag\u00f3n Mu\u00f1oz, Contabilidad, Administraci\u00f3n, Delegaciones Territoriales, Cofinave y Compras. Marta Mu\u00f1oz Palacio, Colegiaci\u00f3n, FEIN, SOPIN y SEIN, Actos T\u00e9cnicos y Sociales, Circulares. Camilo Fraga Canosa, Reprograf\u00eda [&hellip;]<\/p>\n","protected":false},"author":1,"featured_media":455,"comment_status":"open","ping_status":"open","sticky":false,"template":"","format":"standard","meta":{"footnotes":""},"categories":[3],"tags":[],"class_list":{"0":"post-347","1":"post","2":"type-post","3":"status-publish","4":"format-standard","5":"has-post-thumbnail","7":"category-sin-categoria","8":"czr-hentry"},"_links":{"self":[{"href":"https:\/\/memoriaaine2015.ingenierosnavales.com\/index.php?rest_route=\/wp\/v2\/posts\/347","targetHints":{"allow":["GET"]}}],"collection":[{"href":"https:\/\/memoriaaine2015.ingenierosnavales.com\/index.php?rest_route=\/wp\/v2\/posts"}],"about":[{"href":"https:\/\/memoriaaine2015.ingenierosnavales.com\/index.php?rest_route=\/wp\/v2\/types\/post"}],"author":[{"embeddable":true,"href":"https:\/\/memoriaaine2015.ingenierosnavales.com\/index.php?rest_route=\/wp\/v2\/users\/1"}],"replies":[{"embeddable":true,"href":"https:\/\/memoriaaine2015.ingenierosnavales.com\/index.php?rest_route=%2Fwp%2Fv2%2Fcomments&post=347"}],"version-history":[{"count":1,"href":"https:\/\/memoriaaine2015.ingenierosnavales.com\/index.php?rest_route=\/wp\/v2\/posts\/347\/revisions"}],"predecessor-version":[{"id":593,"href":"https:\/\/memoriaaine2015.ingenierosnavales.com\/index.php?rest_route=\/wp\/v2\/posts\/347\/revisions\/593"}],"wp:featuredmedia":[{"embeddable":true,"href":"https:\/\/memoriaaine2015.ingenierosnavales.com\/index.php?rest_route=\/wp\/v2\/media\/455"}],"wp:attachment":[{"href":"https:\/\/memoriaaine2015.ingenierosnavales.com\/index.php?rest_route=%2Fwp%2Fv2%2Fmedia&parent=347"}],"wp:term":[{"taxonomy":"category","embeddable":true,"href":"https:\/\/memoriaaine2015.ingenierosnavales.com\/index.php?rest_route=%2Fwp%2Fv2%2Fcategories&post=347"},{"taxonomy":"post_tag","embeddable":true,"href":"https:\/\/memoriaaine2015.ingenierosnavales.com\/index.php?rest_route=%2Fwp%2Fv2%2Ftags&post=347"}],"curies":[{"name":"wp","href":"https:\/\/api.w.org\/{rel}","templated":true}]}}