{"id":41,"date":"2016-02-19T08:59:22","date_gmt":"2016-02-19T08:59:22","guid":{"rendered":"http:\/\/memoriaaine2015.ingenierosnavales.com\/?p=41"},"modified":"2016-02-19T08:59:22","modified_gmt":"2016-02-19T08:59:22","slug":"comite-de-infraestructuras-memoria-2015","status":"publish","type":"post","link":"https:\/\/memoriaaine2015.ingenierosnavales.com\/?p=41","title":{"rendered":"Comit\u00e9 de Infraestructuras"},"content":{"rendered":"<p style=\"text-align: justify;\"><img loading=\"lazy\" decoding=\"async\" class=\"size-medium wp-image-49 alignright\" src=\"https:\/\/memoriaaine2015a.ingenierosnavales.com\/wp-content\/uploads\/2016\/02\/Jornada_Infraestructuras_en_los_Modos_de_Transporte-300x169.jpg\" alt=\"Jornada_Infraestructuras_en_los_Modos_de_Transporte\" width=\"300\" height=\"169\" srcset=\"https:\/\/memoriaaine2015.ingenierosnavales.com\/wp-content\/uploads\/2016\/02\/Jornada_Infraestructuras_en_los_Modos_de_Transporte-300x169.jpg 300w, https:\/\/memoriaaine2015.ingenierosnavales.com\/wp-content\/uploads\/2016\/02\/Jornada_Infraestructuras_en_los_Modos_de_Transporte-768x432.jpg 768w, https:\/\/memoriaaine2015.ingenierosnavales.com\/wp-content\/uploads\/2016\/02\/Jornada_Infraestructuras_en_los_Modos_de_Transporte.jpg 1024w, https:\/\/memoriaaine2015.ingenierosnavales.com\/wp-content\/uploads\/2016\/02\/Jornada_Infraestructuras_en_los_Modos_de_Transporte-528x297.jpg 528w\" sizes=\"auto, (max-width: 300px) 100vw, 300px\" \/>Durante el a\u00f1o 2015, la <strong>Asociaci\u00f3n de Ingenieros Navales y Oce\u00e1nicos de Espa\u00f1a<\/strong>, ha venido participando regularmente en el Comit\u00e9 de Infraestructuras del Instituto de la Ingenier\u00eda de Espa\u00f1a.<\/p>\n<p style=\"text-align: justify;\">El Comit\u00e9 de Infraestructuras, adem\u00e1s de organizar encuentros t\u00e9cnicos, se ha constituido en un foro de debate y an\u00e1lisis de temas diversos que vienen afectando a los ingenieros en el \u00e1mbito general de las infraestructuras, elaborando, en su caso, las publicaciones correspondientes.<\/p>\n<p style=\"text-align: justify;\">En el \u00e1mbito del Comit\u00e9 se ha considerado las visitas a centros educativos de divulgaci\u00f3n de la Ingenier\u00eda, con el objeto de dar a conocer las actividades que desarrolla el IIE. Igualmente, se ha tratado el tema del impacto de la actual crisis econ\u00f3mica sobre los ingenieros, as\u00ed como los procesos de reindustrializaci\u00f3n de las grandes empresas que ya est\u00e1n funcionando.<\/p>\n<p style=\"text-align: justify;\">Durante las sesiones del Comit\u00e9, se ha analizado y debatido las siguientes \u00e1reas t\u00e9cnicas:<\/p>\n<ul style=\"text-align: justify;\">\n<li>\u00c1rea Aeroportuaria: Modelo de gesti\u00f3n de negocio de un aeropuerto sin actividad convencional y escaso tr\u00e1fico a\u00e9reo.<\/li>\n<li>\u00c1rea Tecnol\u00f3gica: Infraestructuras de la telecomunicaci\u00f3n, telefon\u00eda, televisi\u00f3n y centros de procesos de datos.<\/li>\n<li>\u00c1rea Hist\u00f3rica: Historia y evoluci\u00f3n de las infraestructuras.<\/li>\n<li>\u00c1rea Agron\u00f3micas: Infraestructuras en alta de los regad\u00edos en Espa\u00f1a.<\/li>\n<\/ul>\n<p><img loading=\"lazy\" decoding=\"async\" class=\"wp-image-47 aligncenter\" src=\"https:\/\/memoriaaine2015a.ingenierosnavales.com\/wp-content\/uploads\/2016\/02\/Jornada_Direccion_Proyectos-300x169.jpg\" alt=\"Jornada_Direccion_Proyectos\" width=\"362\" height=\"204\" srcset=\"https:\/\/memoriaaine2015.ingenierosnavales.com\/wp-content\/uploads\/2016\/02\/Jornada_Direccion_Proyectos-300x169.jpg 300w, https:\/\/memoriaaine2015.ingenierosnavales.com\/wp-content\/uploads\/2016\/02\/Jornada_Direccion_Proyectos-768x432.jpg 768w, https:\/\/memoriaaine2015.ingenierosnavales.com\/wp-content\/uploads\/2016\/02\/Jornada_Direccion_Proyectos.jpg 1024w, https:\/\/memoriaaine2015.ingenierosnavales.com\/wp-content\/uploads\/2016\/02\/Jornada_Direccion_Proyectos-528x297.jpg 528w\" sizes=\"auto, (max-width: 362px) 100vw, 362px\" \/>Durante la anualidad, el Comit\u00e9 organiz\u00f3 el 7 de septiembre\u00a0la jornada t\u00e9cnica:\u201cLas Infraestructuras en los modelos de transporte\u201d.<\/p>\n<p style=\"text-align: justify;\">Igualmente, el Comit\u00e9 de Infraestructuras del Instituto, a instancia del representante de la <strong>Asociaci\u00f3n de Ingenieros Navales y Oce\u00e1nicos de Espa\u00f1a<\/strong>, est\u00e1 organizando para el 17 de marzo del pr\u00f3ximo a\u00f1o, la jornada t\u00e9cnica sobre \u201cLas Infraestructuras en el Almac\u00e9n Temporal Centralizado (ATC) de residuos nucleares\u201d.<img loading=\"lazy\" decoding=\"async\" class=\" wp-image-48 aligncenter\" src=\"https:\/\/memoriaaine2015a.ingenierosnavales.com\/wp-content\/uploads\/2016\/02\/Jornada_Empresa_Crisis_Economica-300x169.jpg\" alt=\"Jornada_Empresa_Crisis_Economica\" width=\"403\" height=\"227\" srcset=\"https:\/\/memoriaaine2015.ingenierosnavales.com\/wp-content\/uploads\/2016\/02\/Jornada_Empresa_Crisis_Economica-300x169.jpg 300w, https:\/\/memoriaaine2015.ingenierosnavales.com\/wp-content\/uploads\/2016\/02\/Jornada_Empresa_Crisis_Economica-768x432.jpg 768w, https:\/\/memoriaaine2015.ingenierosnavales.com\/wp-content\/uploads\/2016\/02\/Jornada_Empresa_Crisis_Economica.jpg 1024w, https:\/\/memoriaaine2015.ingenierosnavales.com\/wp-content\/uploads\/2016\/02\/Jornada_Empresa_Crisis_Economica-528x297.jpg 528w\" sizes=\"auto, (max-width: 403px) 100vw, 403px\" \/><\/p>\n","protected":false},"excerpt":{"rendered":"<p>Durante el a\u00f1o 2015, la Asociaci\u00f3n de Ingenieros Navales y Oce\u00e1nicos de Espa\u00f1a, ha venido participando regularmente en el Comit\u00e9 de Infraestructuras del Instituto de la Ingenier\u00eda de Espa\u00f1a. El Comit\u00e9 de Infraestructuras, adem\u00e1s de organizar encuentros t\u00e9cnicos, se ha constituido en un foro de debate y an\u00e1lisis de temas diversos que vienen afectando a [&hellip;]<\/p>\n","protected":false},"author":1,"featured_media":0,"comment_status":"open","ping_status":"open","sticky":false,"template":"","format":"standard","meta":{"footnotes":""},"categories":[2],"tags":[],"class_list":{"0":"post-41","1":"post","2":"type-post","3":"status-publish","4":"format-standard","6":"category-comites-iie","7":"czr-hentry"},"_links":{"self":[{"href":"https:\/\/memoriaaine2015.ingenierosnavales.com\/index.php?rest_route=\/wp\/v2\/posts\/41","targetHints":{"allow":["GET"]}}],"collection":[{"href":"https:\/\/memoriaaine2015.ingenierosnavales.com\/index.php?rest_route=\/wp\/v2\/posts"}],"about":[{"href":"https:\/\/memoriaaine2015.ingenierosnavales.com\/index.php?rest_route=\/wp\/v2\/types\/post"}],"author":[{"embeddable":true,"href":"https:\/\/memoriaaine2015.ingenierosnavales.com\/index.php?rest_route=\/wp\/v2\/users\/1"}],"replies":[{"embeddable":true,"href":"https:\/\/memoriaaine2015.ingenierosnavales.com\/index.php?rest_route=%2Fwp%2Fv2%2Fcomments&post=41"}],"version-history":[{"count":0,"href":"https:\/\/memoriaaine2015.ingenierosnavales.com\/index.php?rest_route=\/wp\/v2\/posts\/41\/revisions"}],"wp:attachment":[{"href":"https:\/\/memoriaaine2015.ingenierosnavales.com\/index.php?rest_route=%2Fwp%2Fv2%2Fmedia&parent=41"}],"wp:term":[{"taxonomy":"category","embeddable":true,"href":"https:\/\/memoriaaine2015.ingenierosnavales.com\/index.php?rest_route=%2Fwp%2Fv2%2Fcategories&post=41"},{"taxonomy":"post_tag","embeddable":true,"href":"https:\/\/memoriaaine2015.ingenierosnavales.com\/index.php?rest_route=%2Fwp%2Fv2%2Ftags&post=41"}],"curies":[{"name":"wp","href":"https:\/\/api.w.org\/{rel}","templated":true}]}}