{"id":502,"date":"2016-03-31T08:59:31","date_gmt":"2016-03-31T08:59:31","guid":{"rendered":"http:\/\/memoriaaine2015.ingenierosnavales.com\/?p=502"},"modified":"2016-03-31T08:59:31","modified_gmt":"2016-03-31T08:59:31","slug":"representantes-de-los-diversos-comites-y-consejo-de-representantes","status":"publish","type":"post","link":"https:\/\/memoriaaine2015.ingenierosnavales.com\/?p=502","title":{"rendered":"Representantes de los diversos Comit\u00e9s y Consejo de Representantes"},"content":{"rendered":"<p>La AINE est\u00e1 representada por asociados voluntarios en los siguientes Comit\u00e9s del Instituto de la Ingenier\u00eda de Espa\u00f1a (a 31\/12\/2015) y forma parte con varios integrantes naturales y designados por la Junta Directiva en el Consejo de Representantes:<\/p>\n<table>\n<tbody>\n<tr>\n<td width=\"330\">\n<p style=\"text-align: center;\"><strong>Comit\u00e9<\/strong><\/p>\n<\/td>\n<td width=\"234\">\n<p style=\"text-align: center;\"><strong>Representante<\/strong><\/p>\n<\/td>\n<\/tr>\n<tr>\n<td width=\"330\">Cursos de Formaci\u00f3n. C. Ense\u00f1anza<\/td>\n<td width=\"234\"><strong>D\u00f1a. Silvia Oriola Tamayo<\/strong><\/td>\n<\/tr>\n<tr>\n<td width=\"330\">Tecnolog\u00edas de la Defensa<\/td>\n<td width=\"234\"><strong>D. Juan Andr\u00e9s Hurtado Baeza<\/strong><\/td>\n<\/tr>\n<tr>\n<td width=\"330\">Terminolog\u00eda<\/td>\n<td width=\"234\"><strong>D. Antonio Hern\u00e1ndez-Briz y de Lara<\/strong><\/td>\n<\/tr>\n<tr>\n<td width=\"330\">Ense\u00f1anza de la Ingenier\u00eda<\/td>\n<td width=\"234\"><strong>D. Jes\u00fas Panadero Pastrana<\/strong><\/td>\n<\/tr>\n<tr>\n<td width=\"330\">Estatutos<\/td>\n<td width=\"234\"><strong>D. Juli\u00e1n Mora S\u00e1nchez<\/strong><\/td>\n<\/tr>\n<tr>\n<td width=\"330\">Gesti\u00f3n Empresarial<\/td>\n<td width=\"234\"><strong>D. Santiago S\u00e1nchez Cervera<\/strong><\/td>\n<\/tr>\n<tr>\n<td width=\"330\"><strong>\u00a0<\/strong><\/td>\n<td width=\"234\"><strong>D. Luis Jos\u00e9 Matamoros G\u00f3mez<\/strong><\/td>\n<\/tr>\n<tr>\n<td width=\"330\">Internacional<\/td>\n<td width=\"234\"><strong>D. Manuel de O\u00f1a Compan<\/strong><\/td>\n<\/tr>\n<tr>\n<td width=\"330\">I+D+i<\/td>\n<td width=\"234\"><strong>D\u00f1a. Eva Novoa Rojas<\/strong><\/td>\n<\/tr>\n<tr>\n<td width=\"330\"><strong>\u00a0<\/strong><\/td>\n<td width=\"234\"><strong>D. Jes\u00fas Valle Cabezas<\/strong><\/td>\n<\/tr>\n<tr>\n<td width=\"330\"><strong>\u00a0<\/strong><\/td>\n<td width=\"234\"><strong>D. Alfonso Carneros Lozano<\/strong><\/td>\n<\/tr>\n<tr>\n<td width=\"330\">Publicaciones<\/td>\n<td width=\"234\"><strong>D. Pablo Peiro Riesco<\/strong><\/td>\n<\/tr>\n<tr>\n<td width=\"330\">Infraestructura<\/td>\n<td width=\"234\"><strong>D. Santiago S\u00e1nchez Cervera<\/strong><\/td>\n<\/tr>\n<tr>\n<td width=\"330\">Inventiva y Creatividad<\/td>\n<td width=\"234\"><strong>D. Publio Beltr\u00e1n Palomo<\/strong><\/td>\n<\/tr>\n<tr>\n<td width=\"330\">Energ\u00eda y Recursos Naturales<\/td>\n<td width=\"234\"><strong>D. Juan Moya Garc\u00eda<\/strong><\/td>\n<\/tr>\n<tr>\n<td width=\"330\">Transportes<\/td>\n<td width=\"234\"><strong>D. Gerardo Polo S\u00e1nchez<\/strong><\/td>\n<\/tr>\n<tr>\n<td width=\"330\"><strong>\u00a0<\/strong><\/td>\n<td width=\"234\"><strong>D. Pilar Tejo Mora-Granados<\/strong><\/td>\n<\/tr>\n<tr>\n<td width=\"330\">Papeles de la Ingenier\u00eda<\/td>\n<td width=\"234\"><strong>D\u00f1a. Bel\u00e9n Garc\u00eda de Pablos<\/strong><\/td>\n<\/tr>\n<tr>\n<td width=\"330\">FEANI<\/td>\n<td width=\"234\"><strong>D. Rub\u00e9n L\u00f3pez Pulido<\/strong><\/td>\n<\/tr>\n<tr>\n<td width=\"330\">Relaciones Institucionales<\/td>\n<td width=\"234\"><strong>D. Jaime Torroja Men\u00e9ndez<\/strong><\/td>\n<\/tr>\n<tr>\n<td width=\"330\">Asuntos Mar\u00edtimos<\/td>\n<td width=\"234\"><strong>D. Jos\u00e9 Esteban P\u00e9rez Garc\u00eda<\/strong><\/td>\n<\/tr>\n<tr>\n<td width=\"330\"><strong>\u00a0<\/strong><\/td>\n<td width=\"234\"><strong>D\u00f1a. Bel\u00e9n Garc\u00eda de Pablos<\/strong><\/td>\n<\/tr>\n<tr>\n<td width=\"330\"><strong>\u00a0<\/strong><\/td>\n<td width=\"234\"><strong>D. Luis de Carlos Guimera<\/strong><\/td>\n<\/tr>\n<tr>\n<td width=\"330\"><strong>\u00a0<\/strong><\/td>\n<td width=\"234\"><strong>D. Rafael Guti\u00e9rrez Fraile<\/strong><\/td>\n<\/tr>\n<tr>\n<td width=\"330\"><strong>\u00a0<\/strong><\/td>\n<td width=\"234\"><strong>D. Rub\u00e9n L\u00f3pez Pulido<\/strong><\/td>\n<\/tr>\n<tr>\n<td width=\"330\"><strong>\u00a0<\/strong><\/td>\n<td width=\"234\"><strong>D\u00f1a. Pilar Tejo Mora-Granados<\/strong><\/td>\n<\/tr>\n<\/tbody>\n<\/table>\n<p><strong><em>\u00a0<\/em><\/strong>CONSEJO DE REPRESENTANTES<\/p>\n<p>&nbsp;<\/p>\n<table>\n<tbody>\n<tr>\n<td width=\"345\">Presidente de AINE<\/td>\n<td width=\"244\"><strong>D. Luis Vilches Colllado<\/strong><\/td>\n<\/tr>\n<tr>\n<td width=\"345\">Vicepresidente de AINE<\/td>\n<td width=\"244\"><strong>D. Jos\u00e9 M\u00aa S\u00e1nchez Carri\u00f3n<\/strong><\/td>\n<\/tr>\n<tr>\n<td width=\"345\">Director de Gesti\u00f3n de la AINE<\/td>\n<td width=\"244\"><strong>D. Javier Llompart Burgos<\/strong><\/td>\n<\/tr>\n<tr>\n<td width=\"345\">Miembro elegido por la Junta Directiva<\/td>\n<td width=\"244\"><strong>D. Arturo Mart\u00ednez Perucha<\/strong><\/td>\n<\/tr>\n<tr>\n<td width=\"345\">Miembro designado por la Junta Directiva<\/td>\n<td width=\"244\"><strong>D. Jos\u00e9 Mar\u00eda de la Vi\u00f1a Molleda<\/strong><\/td>\n<\/tr>\n<tr>\n<td width=\"345\">Miembro designado por la Junta Directiva<\/td>\n<td width=\"244\"><strong>D. Juli\u00e1n Mora S\u00e1nchez<\/strong><\/td>\n<\/tr>\n<tr>\n<td width=\"345\">Miembro elegido por la Junta Directiva<\/td>\n<td width=\"244\"><strong>D. Julio Trenas Fern\u00e1ndez<\/strong><\/td>\n<\/tr>\n<\/tbody>\n<\/table>\n","protected":false},"excerpt":{"rendered":"<p>La AINE est\u00e1 representada por asociados voluntarios en los siguientes Comit\u00e9s del Instituto de la Ingenier\u00eda de Espa\u00f1a (a 31\/12\/2015) y forma parte con varios integrantes naturales y designados por la Junta Directiva en el Consejo de Representantes: Comit\u00e9 Representante Cursos de Formaci\u00f3n. C. Ense\u00f1anza D\u00f1a. Silvia Oriola Tamayo Tecnolog\u00edas de la Defensa D. Juan [&hellip;]<\/p>\n","protected":false},"author":1,"featured_media":47,"comment_status":"open","ping_status":"open","sticky":false,"template":"","format":"standard","meta":{"footnotes":""},"categories":[2],"tags":[],"class_list":{"0":"post-502","1":"post","2":"type-post","3":"status-publish","4":"format-standard","5":"has-post-thumbnail","7":"category-comites-iie","8":"czr-hentry"},"_links":{"self":[{"href":"https:\/\/memoriaaine2015.ingenierosnavales.com\/index.php?rest_route=\/wp\/v2\/posts\/502","targetHints":{"allow":["GET"]}}],"collection":[{"href":"https:\/\/memoriaaine2015.ingenierosnavales.com\/index.php?rest_route=\/wp\/v2\/posts"}],"about":[{"href":"https:\/\/memoriaaine2015.ingenierosnavales.com\/index.php?rest_route=\/wp\/v2\/types\/post"}],"author":[{"embeddable":true,"href":"https:\/\/memoriaaine2015.ingenierosnavales.com\/index.php?rest_route=\/wp\/v2\/users\/1"}],"replies":[{"embeddable":true,"href":"https:\/\/memoriaaine2015.ingenierosnavales.com\/index.php?rest_route=%2Fwp%2Fv2%2Fcomments&post=502"}],"version-history":[{"count":0,"href":"https:\/\/memoriaaine2015.ingenierosnavales.com\/index.php?rest_route=\/wp\/v2\/posts\/502\/revisions"}],"wp:featuredmedia":[{"embeddable":true,"href":"https:\/\/memoriaaine2015.ingenierosnavales.com\/index.php?rest_route=\/wp\/v2\/media\/47"}],"wp:attachment":[{"href":"https:\/\/memoriaaine2015.ingenierosnavales.com\/index.php?rest_route=%2Fwp%2Fv2%2Fmedia&parent=502"}],"wp:term":[{"taxonomy":"category","embeddable":true,"href":"https:\/\/memoriaaine2015.ingenierosnavales.com\/index.php?rest_route=%2Fwp%2Fv2%2Fcategories&post=502"},{"taxonomy":"post_tag","embeddable":true,"href":"https:\/\/memoriaaine2015.ingenierosnavales.com\/index.php?rest_route=%2Fwp%2Fv2%2Ftags&post=502"}],"curies":[{"name":"wp","href":"https:\/\/api.w.org\/{rel}","templated":true}]}}