{"id":532,"date":"2016-02-15T12:26:59","date_gmt":"2016-02-15T12:26:59","guid":{"rendered":"http:\/\/memoriaaine2015.ingenierosnavales.com\/?p=16"},"modified":"2016-02-15T12:26:59","modified_gmt":"2016-02-15T12:26:59","slug":"gabinete-de-prensa","status":"publish","type":"post","link":"https:\/\/memoriaaine2015.ingenierosnavales.com\/?p=532","title":{"rendered":"Plan de comunicaci\u00f3n"},"content":{"rendered":"<h2>Gabinete de prensa<\/h2>\n<p><img loading=\"lazy\" decoding=\"async\" class=\"size-medium wp-image-252 alignleft\" src=\"https:\/\/memoriaaine2015a.ingenierosnavales.com\/wp-content\/uploads\/2016\/02\/gabinete_prensa_entrevista-300x225.jpg\" alt=\"gabinete_prensa_entrevista\" width=\"300\" height=\"225\" srcset=\"https:\/\/memoriaaine2015.ingenierosnavales.com\/wp-content\/uploads\/2016\/02\/gabinete_prensa_entrevista-300x225.jpg 300w, https:\/\/memoriaaine2015.ingenierosnavales.com\/wp-content\/uploads\/2016\/02\/gabinete_prensa_entrevista.jpg 600w\" sizes=\"auto, (max-width: 300px) 100vw, 300px\" \/>La revista, como Gabinete de Prensa de las instituciones, ha elaborado las notas de prensa y ha participado en todas las actividades relacionadas con el Plan de Comunicaci\u00f3n (organizaci\u00f3n de eventos, web, planificaci\u00f3n de actividades, etc.). Adem\u00e1s, desde la revista se han realizado difusi\u00f3n de las notas de prensa, circulares, actividades y publicaci\u00f3n de anuncios relacionados con el Plan y ha participado en la recogida de noticias para <a href=\"www.ingenierosnavales.com\">www.ingenierosnavales.com<\/a>.<\/p>\n<p>La informaci\u00f3n sobre las notas de prensa relacionadas con la titulaci\u00f3n, el Proyecto de RD Homologaci\u00f3n, equivalencia, convalidaci\u00f3n y correspondencia o al Anteproyecto de Ley de Colegios Profesionales, pueden verse en la <a href=\"http:\/\/memoriacoin2015.ingenierosnavales.com\/prensa\/\" target=\"_blank\">memoria de COIN<\/a>.<\/p>\n<p><a href=\"https:\/\/memoriaaine2015a.ingenierosnavales.com\/wp-content\/uploads\/2016\/02\/impacto.jpg\"><img loading=\"lazy\" decoding=\"async\" class=\"alignright wp-image-251 size-medium\" src=\"https:\/\/memoriaaine2015a.ingenierosnavales.com\/wp-content\/uploads\/2016\/02\/impacto-300x175.jpg\" alt=\"impacto\" width=\"300\" height=\"175\" srcset=\"https:\/\/memoriaaine2015.ingenierosnavales.com\/wp-content\/uploads\/2016\/02\/impacto-300x175.jpg 300w, https:\/\/memoriaaine2015.ingenierosnavales.com\/wp-content\/uploads\/2016\/02\/impacto-768x449.jpg 768w, https:\/\/memoriaaine2015.ingenierosnavales.com\/wp-content\/uploads\/2016\/02\/impacto-1024x599.jpg 1024w\" sizes=\"auto, (max-width: 300px) 100vw, 300px\" \/><\/a>Durante el <a href=\"http:\/\/54congreso.ingenierosnavales.com\/index\/index.asp\" target=\"_blank\">54\u00ba Congreso de Ingenier\u00eda Naval e Industria Mar\u00edtima <\/a>se realizaron acciones diarias y se consigui\u00f3 difusi\u00f3n tanto en prensa escrita como en radio y televisi\u00f3n. Concretamente, los impactos fueron los siguientes: 47 en diarios y revistas, 1 en televisi\u00f3n y 2 en radio.<\/p>\n<p>En el 54\u00ba Congreso se ha realizado una amplia cobertura online, por medio de <a href=\"https:\/\/www.youtube.com\/watch?v=lvgNjp3H9KQ&amp;list=PLUyCrFVVXKDryBabw3ih2Up05jiE5ROOy\" target=\"_blank\">v\u00eddeos en directo<\/a> en los que se han retransmitido gran parte de los eventos del Congreso.<\/p>\n<p>Se sigue formando parte del Comit\u00e9 del Instituto de la Ingenier\u00eda dedicado a la publicaci\u00f3n \u00abPapeles de la Ingenier\u00eda\u00bb.<\/p>\n<p>Siguen en marcha las fichas de buques en la nueva p\u00e1gina web, actualiz\u00e1ndose semanalmente. Adem\u00e1s, se prepar\u00f3 el concurso de \u201c<a href=\"http:\/\/www.sectormaritimo.com\/lista\/detalle.asp?id_contenido=1551\">Buque Destacado de 2014<\/a>\u201d que se vot\u00f3 durante 2014. El premio se anunci\u00f3 en las festividades de la Virgen del Carmen y se entreg\u00f3 durante la celebraci\u00f3n del <a href=\"http:\/\/www.ingenierosnavales.com\/content\/primera-jornada-del-54-congreso-de-ingenier%C3%ADa-naval-en-ferrol\">54\u00ba Congreso de Ingenier\u00eda Naval e Industria Auxiliar.<\/a><\/p>\n<p>Para el a\u00f1o 2015, se est\u00e1 trabajando intensamente en la preparaci\u00f3n del 55\u00ba Congreso, as\u00ed como en el <a href=\"http:\/\/www.ingenierosnavales.com\/content\/concurso-anual-de-buques-destacados\">Concurso de Buques destacados<\/a>\u00a0que ya est\u00e1 en <a href=\"http:\/\/www.ingenierosnavales.com\/votacion\" target=\"_blank\">periodo de votaci\u00f3n<\/a>, con gran participaci\u00f3n.<\/p>\n<p>Se consiguieron diversas apariciones en prensa de Ingenieros Navales, principalmente a causa del 54\u00ba Congreso de Ingenier\u00eda Naval e Industria Mar\u00edtima, el premio de Buques Destacados, y de diversas notas que se realizaron en defensa de la profesi\u00f3n de ingeniero naval, se pidi\u00f3 la construcci\u00f3n de los <a href=\"http:\/\/www.ingenierosnavales.com\/content\/no-podemos-perder-m%C3%A1s-capacidad-industrial\">Suezmaxes de Ibaizabal<\/a> en Espa\u00f1a, la homologaci\u00f3n de t\u00edtulos, as\u00ed como diversas actividades organizadas por las Delegaciones Territoriales o la creaci\u00f3n de la <a href=\"http:\/\/www.ingenierosnavales.com\/content\/nueva-red-para-emprendedores-mar%C3%ADtimos\">nueva red de emprendedores mar\u00edtimos<\/a>.<\/p>\n<p>Junto con las otras asociaciones de ingenier\u00eda que pertenecen al Instituto de la Ingenier\u00eda de Espa\u00f1a y los Colegios que pertenecen a la Uni\u00f3n Profesional de Colegios de Ingenieros se organiz\u00f3 una jornada con la presencia del Ministro de Industria, Energ\u00eda y Turismo, D. Jos\u00e9 Manuel Soria L\u00f3pez, y en la que se incluy\u00f3 una mesa redonda con representantes de los principales partidos pol\u00edticos. El objetivo de esta jornada era conseguir un <a href=\"http:\/\/www.ingenierosnavales.com\/content\/pacto-de-estado-por-la-industria-horizonte-2020-plus-v%C3%ADdeo\">Pacto de Estado por la Industria<\/a> con todos los partidos pol\u00edticos.<\/p>\n<p>Se redise\u00f1\u00f3 una <a href=\"https:\/\/play.google.com\/store\/apps\/details?id=com.ingnaval_v2\">aplicaci\u00f3n para m\u00f3viles<\/a> para Android que en la que se pueden leer las \u00faltimas noticias publicadas tanto en <a href=\"http:\/\/www.ingenierosnavales.com\/\">ingenierosnavales.com<\/a> como en <a href=\"http:\/\/www.sectormar\u00edtimo.com\/\">sectormar\u00edtimo.com<\/a>.<\/p>\n<p><iframe loading=\"lazy\" src=\"https:\/\/docs.google.com\/spreadsheets\/d\/17zhpONsTUlMU1IuJAuKKbh84kBgLGtgSFkD3qfx-JLs\/pubchart?oid=1120200620&amp;format=interactive\" width=\"600\" height=\"371\" frameborder=\"0\" scrolling=\"no\" seamless=\"\"><\/iframe><\/p>\n<p>En cuanto a las redes sociales, durante 2015 se ganaron 558 seguidores en <a href=\"https:\/\/twitter.com\/ingnaval\">Twitter<\/a>, alcanzando los 3.018 a finales de a\u00f1o, siguiendo la tendencia del a\u00f1o anterior. Se realizaron 4.060 tweets. En <a href=\"http:\/\/www.facebook.com\/group.php?gid=8901344171\">Facebook<\/a>, el grupo de Ingenieros Navales tiene 1.239 miembros y en <a href=\"http:\/\/www.linkedin.com\/groups?gid=2846297&amp;trk=myg_ugrp_ovr\">LinkedIn<\/a> 974 frente a los 906 del a\u00f1o pasado.<\/p>\n<p>Se han enviado un total de 22 circulares tanto a asociados como colegiados, con una media de apertura del 37,6% de las mismas. Adem\u00e1s se han enviado otro tipo de comunicaciones y en enero de 2016 se ha implantado\u00a0un sistema de avisos sobre fallecimientos para aquellos colegiados que est\u00e9n interesados.<\/p>\n","protected":false},"excerpt":{"rendered":"<p>Gabinete de prensa La revista, como Gabinete de Prensa de las instituciones, ha elaborado las notas de prensa y ha participado en todas las actividades relacionadas con el Plan de Comunicaci\u00f3n (organizaci\u00f3n de eventos, web, planificaci\u00f3n de actividades, etc.). Adem\u00e1s, desde la revista se han realizado difusi\u00f3n de las notas de prensa, circulares, actividades y [&hellip;]<\/p>\n","protected":false},"author":1,"featured_media":250,"comment_status":"open","ping_status":"open","sticky":false,"template":"","format":"standard","meta":{"footnotes":""},"categories":[3],"tags":[],"class_list":{"0":"post-532","1":"post","2":"type-post","3":"status-publish","4":"format-standard","5":"has-post-thumbnail","7":"category-sin-categoria","8":"czr-hentry"},"_links":{"self":[{"href":"https:\/\/memoriaaine2015.ingenierosnavales.com\/index.php?rest_route=\/wp\/v2\/posts\/532","targetHints":{"allow":["GET"]}}],"collection":[{"href":"https:\/\/memoriaaine2015.ingenierosnavales.com\/index.php?rest_route=\/wp\/v2\/posts"}],"about":[{"href":"https:\/\/memoriaaine2015.ingenierosnavales.com\/index.php?rest_route=\/wp\/v2\/types\/post"}],"author":[{"embeddable":true,"href":"https:\/\/memoriaaine2015.ingenierosnavales.com\/index.php?rest_route=\/wp\/v2\/users\/1"}],"replies":[{"embeddable":true,"href":"https:\/\/memoriaaine2015.ingenierosnavales.com\/index.php?rest_route=%2Fwp%2Fv2%2Fcomments&post=532"}],"version-history":[{"count":0,"href":"https:\/\/memoriaaine2015.ingenierosnavales.com\/index.php?rest_route=\/wp\/v2\/posts\/532\/revisions"}],"wp:featuredmedia":[{"embeddable":true,"href":"https:\/\/memoriaaine2015.ingenierosnavales.com\/index.php?rest_route=\/wp\/v2\/media\/250"}],"wp:attachment":[{"href":"https:\/\/memoriaaine2015.ingenierosnavales.com\/index.php?rest_route=%2Fwp%2Fv2%2Fmedia&parent=532"}],"wp:term":[{"taxonomy":"category","embeddable":true,"href":"https:\/\/memoriaaine2015.ingenierosnavales.com\/index.php?rest_route=%2Fwp%2Fv2%2Fcategories&post=532"},{"taxonomy":"post_tag","embeddable":true,"href":"https:\/\/memoriaaine2015.ingenierosnavales.com\/index.php?rest_route=%2Fwp%2Fv2%2Ftags&post=532"}],"curies":[{"name":"wp","href":"https:\/\/api.w.org\/{rel}","templated":true}]}}