{"id":77,"date":"2016-02-19T09:14:07","date_gmt":"2016-02-19T09:14:07","guid":{"rendered":"http:\/\/memoriaaine2015.ingenierosnavales.com\/?p=77"},"modified":"2016-02-19T09:14:07","modified_gmt":"2016-02-19T09:14:07","slug":"comite-ingenieria-y-sociedad-de-la-informacion","status":"publish","type":"post","link":"https:\/\/memoriaaine2015.ingenierosnavales.com\/?p=77","title":{"rendered":"Comite Ingenier\u00eda y Sociedad de la Informaci\u00f3n"},"content":{"rendered":"<p style=\"text-align: justify;\">Durante el a\u00f1o 2015 se han mantenido las siguientes reuniones:<br \/>\na) \u00a019 de enero<br \/>\nb) \u00a0 9 de marzo<br \/>\nc) \u00a013 de abril<br \/>\nd) \u00a011 de mayo<br \/>\ne) \u00a015 de junio<br \/>\nf) \u00a014 de septiembre<br \/>\ng) 19 de octubre<br \/>\nh) 23 de noviembre<\/p>\n<p style=\"text-align: justify;\">Durante las mismas se ha dise\u00f1ado el ciclo de conferencias <strong>\u00abLas 10 Tecnolog\u00edas que cambiar\u00e1n nuestras vidas\u00bb <\/strong>partiendo del informe publicado por el Parlamento Europeo en Enero de 2015.<\/p>\n<p style=\"text-align: justify;\">Dentro de este ciclo se han realizado las siguientes conferencias:<br \/>\na) 21 de mayo: <strong>\u00abInternet de las Cosas: La interconexi\u00f3n de la sociedad del siglo XXI\u00bb<\/strong><br \/>\nb) 18 de junio:<strong>\u00abGrafeno, el material del futuro\u00bb<\/strong><br \/>\nc) 23 de junio: <strong>\u00abLas TIC en el \u00e1mbito agroforestal (II)\u00bb<\/strong><br \/>\n<strong>\u00a0 \u00a0 \u00a0<\/strong><br \/>\nTambi\u00e9n se colabor\u00f3 con la <strong>Fundaci\u00f3n Telef\u00f3nica, <\/strong>publicando en nombre del Comit\u00e9 un art\u00edculo en su revista<strong> TELOS.<\/strong><\/p>\n<p style=\"text-align: justify;\">Adicionalmente, en las reuniones del \u00faltimo trimestre se debatieron y decidieron las conferencias a realizar durante el a\u00f1o 2016 .<\/p>\n<p style=\"text-align: justify;\">Durante la segunda mitad de 2015 la actividad del Comit\u00e9 se vio reducida debido a la retirada de los representantes de la Asociaci\u00f3n de Ingenieros de Telecomunicaciones as\u00ed como la del Presidente y Vicepresidente \u00a0pertenecientes a la misma Asociaci\u00f3n<\/p>\n<p style=\"text-align: justify;\">La\u00a0memoria del Comit\u00e9 est\u00e1 disponible a trav\u00e9s del siguiente <a href=\"http:\/\/www.iies.es\/Comite-de-Ingenieria-y-Sociedad-de-la-Informacion_a241.html\">enlace<\/a>.<\/p>\n","protected":false},"excerpt":{"rendered":"<p>Durante el a\u00f1o 2015 se han mantenido las siguientes reuniones: a) \u00a019 de enero b) \u00a0 9 de marzo c) \u00a013 de abril d) \u00a011 de mayo e) \u00a015 de junio f) \u00a014 de septiembre g) 19 de octubre h) 23 de noviembre Durante las mismas se ha dise\u00f1ado el ciclo de conferencias \u00abLas 10 [&hellip;]<\/p>\n","protected":false},"author":1,"featured_media":228,"comment_status":"open","ping_status":"open","sticky":false,"template":"","format":"standard","meta":{"footnotes":""},"categories":[2],"tags":[],"class_list":{"0":"post-77","1":"post","2":"type-post","3":"status-publish","4":"format-standard","5":"has-post-thumbnail","7":"category-comites-iie","8":"czr-hentry"},"_links":{"self":[{"href":"https:\/\/memoriaaine2015.ingenierosnavales.com\/index.php?rest_route=\/wp\/v2\/posts\/77","targetHints":{"allow":["GET"]}}],"collection":[{"href":"https:\/\/memoriaaine2015.ingenierosnavales.com\/index.php?rest_route=\/wp\/v2\/posts"}],"about":[{"href":"https:\/\/memoriaaine2015.ingenierosnavales.com\/index.php?rest_route=\/wp\/v2\/types\/post"}],"author":[{"embeddable":true,"href":"https:\/\/memoriaaine2015.ingenierosnavales.com\/index.php?rest_route=\/wp\/v2\/users\/1"}],"replies":[{"embeddable":true,"href":"https:\/\/memoriaaine2015.ingenierosnavales.com\/index.php?rest_route=%2Fwp%2Fv2%2Fcomments&post=77"}],"version-history":[{"count":0,"href":"https:\/\/memoriaaine2015.ingenierosnavales.com\/index.php?rest_route=\/wp\/v2\/posts\/77\/revisions"}],"wp:featuredmedia":[{"embeddable":true,"href":"https:\/\/memoriaaine2015.ingenierosnavales.com\/index.php?rest_route=\/wp\/v2\/media\/228"}],"wp:attachment":[{"href":"https:\/\/memoriaaine2015.ingenierosnavales.com\/index.php?rest_route=%2Fwp%2Fv2%2Fmedia&parent=77"}],"wp:term":[{"taxonomy":"category","embeddable":true,"href":"https:\/\/memoriaaine2015.ingenierosnavales.com\/index.php?rest_route=%2Fwp%2Fv2%2Fcategories&post=77"},{"taxonomy":"post_tag","embeddable":true,"href":"https:\/\/memoriaaine2015.ingenierosnavales.com\/index.php?rest_route=%2Fwp%2Fv2%2Ftags&post=77"}],"curies":[{"name":"wp","href":"https:\/\/api.w.org\/{rel}","templated":true}]}}