{"id":85,"date":"2016-02-19T09:40:57","date_gmt":"2016-02-19T09:40:57","guid":{"rendered":"http:\/\/memoriaaine2015.ingenierosnavales.com\/?p=85"},"modified":"2016-02-19T09:40:57","modified_gmt":"2016-02-19T09:40:57","slug":"comite-internacional","status":"publish","type":"post","link":"https:\/\/memoriaaine2015.ingenierosnavales.com\/?p=85","title":{"rendered":"Comit\u00e9 Internacional"},"content":{"rendered":"<p style=\"text-align: justify;\">Los objetivos de este comit\u00e9 son los de informar y asesorar a la Junta Directora del I.I.E. de forma coordinada sobre las relaciones del Instituto a nivel internacional y especialmente con respecto a las Organizaciones internacionales de las que el IIE es miembro, analizando los asuntos que en esos foros afecten a la Ingenier\u00eda espa\u00f1ola y estudiando la postura que al respecto convenga al Instituto en cada caso.<\/p>\n<p>Durante el a\u00f1o 2015, el Comit\u00e9 Internacional se reuni\u00f3 en dos ocasiones, resumiendo a continuaci\u00f3n lo tratado en dichas reuniones.<\/p>\n<p style=\"text-align: justify;\">El mercado internacional es cada d\u00eda m\u00e1s importante para Espa\u00f1a. Las empresas espa\u00f1olas desarrollan cada vez m\u00e1s trabajo en el extranjero y son muchos los ingenieros espa\u00f1oles que est\u00e1n trabajando en otros pa\u00edses. Parece que el futuro de la ingenier\u00eda est\u00e1 en la exportaci\u00f3n, cosa que no ocurr\u00eda 10 a\u00f1os antes.<\/p>\n<p style=\"text-align: justify;\">La actividad del IIE en los foros internacionales se resume en la participaci\u00f3n en:<\/p>\n<ul>\n<li style=\"text-align: justify;\"><strong>FMOI<\/strong>: Optamos a una plaza en el \u00abExecutive Board\u00bb. La candidatura de D. Tom\u00e1s A. Sancho Marco ha sido apoyada por la Ordem dos Engenheiros de Portugal y por la Sociedad Colombiana de Ingenieros.<\/li>\n<li style=\"text-align: justify;\"><strong>FEANI<\/strong>:\u00a0Tenemos cuatro representantes en el Comit\u00e9 Nacional, uno de ellos, D. Juan Blanco Lino, es adem\u00e1s miembro del \u00abExecutive Board \u00bb de FEANI<br \/>\nDe acuerdo con su reglamento, la presidencia del Comit\u00e9 Espa\u00f1oll ha correspondido a un miembro del Instituto hasta junio de 2015<\/li>\n<li style=\"text-align: justify;\"><strong>CLAIU<\/strong>:\u00a0Tenemos un representante pero ya quedan muy pocos pa\u00edses y deja de ser representativo. Parece llamado a desaparecer.<\/li>\n<li style=\"text-align: justify;\"><strong>UPADI<\/strong>: Participamos como observadores en la organizaci\u00f3n panamericana, que \u00faltimamente est\u00e1 muy activa.<\/li>\n<\/ul>\n<p>&nbsp;<\/p>\n<p>Hay dos iniciativas de asociaciones internacionales nuevas:<\/p>\n<ul>\n<li><strong>Engineering Association of Mediterranean Countries<\/strong>: Es una organizaci\u00f3n incipiente promovida por los italianos. Parece una propuesta interesante pero est\u00e1 poco abierta y ellos se quedan con todo el peso de la iniciativa.<\/li>\n<li><strong>Iniciativa de la Ordem dos Engenheiros<\/strong>: Promueven una asociaci\u00f3n de pa\u00edses de habla espa\u00f1ola y portuguesa. Puede ser interesante dar apoyo a esta iniciativa, que puede crear sinergias en los foros internacionales. Esta iniciativa est\u00e1 muy vinculada con la ingenier\u00eda civil pero se puede ampliar a otras ramas de la ingenier\u00eda.<\/li>\n<\/ul>\n<p style=\"text-align: justify;\"><del><\/del>Es misi\u00f3n del IIE darnos a conocer dentro y fuera de Espa\u00f1a. La cuesti\u00f3n es si debemos motivar la creaci\u00f3n de nuevos foros con otros compa\u00f1eros de otros pa\u00edses, a trav\u00e9s de herramientas como la web, y servir de foro transversal entre las ramas de la ingenier\u00eda.Se plantea la posibilidad de organizar una jornada de difusi\u00f3n de la participaci\u00f3n internacional del IIE.<\/p>\n<p style=\"text-align: justify;\"><strong>Estrategia del IIE en las Organizaciones Internacionales<\/strong><strong><br \/>\n<\/strong>La Junta Directora del IIE acord\u00f3 (acuerdo 02-07\/2015) en su reuni\u00f3n n\u00ba 7\/2015, de 11 de mayo de 2015, solicitar al Comit\u00e9 Internacional del IIE que cree una propuesta de estrategia del IIE para relaciones internacionales.<\/p>\n<p>El Sr. Sancho presenta un borrador de estrategia, para que sirva de punto de partida. En la presentaci\u00f3n trat\u00f3, entre otros, los siguientes temas:<\/p>\n<ul>\n<li>Las oportunidades de trabajo en el extranjero<\/li>\n<li>La demanda de ingenieros por envejecimiento de la poblaci\u00f3n<\/li>\n<li>La transferencia de conocimiento y la eficiencia<\/li>\n<li>La competitividad y la imagen exterior<\/li>\n<li>El papel del IIE como canalizador de propuestas<\/li>\n<\/ul>\n<p>En cuanto a la participaci\u00f3n del IIE propuso:<\/p>\n<ul>\n<li>Promover la generaci\u00f3n de riqueza y el reconocimiento de los profesionales<\/li>\n<li>Promover el conocimiento de idiomas<\/li>\n<li>Gestionar las licencias, becas e iniciativas que sean necesarias<\/li>\n<li>Unir a los diferentes actores y aprovechar las oportunidades que se presenten<\/li>\n<li>Alinear las posturas de las diferentes Asociaciones para trabajar con un objetivo com\u00fan<\/li>\n<li>Establecer acuerdos con los Ministerios de Fomento, Econom\u00eda e Industria<\/li>\n<li>Definir los objetivos prioritarios y comunes y establecer una labor de coordinaci\u00f3n<\/li>\n<li>Crear una red de ingenieros en otros pa\u00edses<\/li>\n<li>Tener como objetivo el empleo, priorizando las zonas de actuaci\u00f3n en el extranjero, por ejemplo EE.UU. + Canad\u00e1 y Europa. Habr\u00eda para ello que analizar las geograf\u00edas de inter\u00e9s para cada Asociaci\u00f3n y los convenios que puedan existir, extendi\u00e9ndolos a otros colectivos buscando sinergias<\/li>\n<li>Aumentar nuestra visibilidad en la sociedad<\/li>\n<li>Tratar de compensar el liderazgo anglosaj\u00f3n<\/li>\n<\/ul>\n<p>Se acord\u00f3 distribuir la documentaci\u00f3n presentada a fin de cada Asociaci\u00f3n recopile sus necesidades y propuestas para poder confeccionar la propuesta de estrategia internacional del IIE que finalmente se env\u00ede a la Junta Directora.<\/p>\n","protected":false},"excerpt":{"rendered":"<p>Los objetivos de este comit\u00e9 son los de informar y asesorar a la Junta Directora del I.I.E. de forma coordinada sobre las relaciones del Instituto a nivel internacional y especialmente con respecto a las Organizaciones internacionales de las que el IIE es miembro, analizando los asuntos que en esos foros afecten a la Ingenier\u00eda espa\u00f1ola [&hellip;]<\/p>\n","protected":false},"author":1,"featured_media":229,"comment_status":"open","ping_status":"open","sticky":false,"template":"","format":"standard","meta":{"footnotes":""},"categories":[2],"tags":[],"class_list":{"0":"post-85","1":"post","2":"type-post","3":"status-publish","4":"format-standard","5":"has-post-thumbnail","7":"category-comites-iie","8":"czr-hentry"},"_links":{"self":[{"href":"https:\/\/memoriaaine2015.ingenierosnavales.com\/index.php?rest_route=\/wp\/v2\/posts\/85","targetHints":{"allow":["GET"]}}],"collection":[{"href":"https:\/\/memoriaaine2015.ingenierosnavales.com\/index.php?rest_route=\/wp\/v2\/posts"}],"about":[{"href":"https:\/\/memoriaaine2015.ingenierosnavales.com\/index.php?rest_route=\/wp\/v2\/types\/post"}],"author":[{"embeddable":true,"href":"https:\/\/memoriaaine2015.ingenierosnavales.com\/index.php?rest_route=\/wp\/v2\/users\/1"}],"replies":[{"embeddable":true,"href":"https:\/\/memoriaaine2015.ingenierosnavales.com\/index.php?rest_route=%2Fwp%2Fv2%2Fcomments&post=85"}],"version-history":[{"count":0,"href":"https:\/\/memoriaaine2015.ingenierosnavales.com\/index.php?rest_route=\/wp\/v2\/posts\/85\/revisions"}],"wp:featuredmedia":[{"embeddable":true,"href":"https:\/\/memoriaaine2015.ingenierosnavales.com\/index.php?rest_route=\/wp\/v2\/media\/229"}],"wp:attachment":[{"href":"https:\/\/memoriaaine2015.ingenierosnavales.com\/index.php?rest_route=%2Fwp%2Fv2%2Fmedia&parent=85"}],"wp:term":[{"taxonomy":"category","embeddable":true,"href":"https:\/\/memoriaaine2015.ingenierosnavales.com\/index.php?rest_route=%2Fwp%2Fv2%2Fcategories&post=85"},{"taxonomy":"post_tag","embeddable":true,"href":"https:\/\/memoriaaine2015.ingenierosnavales.com\/index.php?rest_route=%2Fwp%2Fv2%2Ftags&post=85"}],"curies":[{"name":"wp","href":"https:\/\/api.w.org\/{rel}","templated":true}]}}